{"id":78731,"date":"2024-06-17T15:20:00","date_gmt":"2024-06-17T20:20:00","guid":{"rendered":"https:\/\/www.interaccionnoticias.com.mx\/?p=78731"},"modified":"2024-06-17T20:38:00","modified_gmt":"2024-06-18T01:38:00","slug":"denuncia-un-padre-que-el-dif-estatal-le-impide-ver-a-su-hija-mas-de-un-ano","status":"publish","type":"post","link":"https:\/\/www.interaccionnoticias.com.mx\/?p=78731","title":{"rendered":"Denuncia un padre que el DIF estatal le impide ver a su hija; tiene una medida cautelar, responde el organismo"},"content":{"rendered":"\n<p><em><strong>&#8212; Acusa que la Procuradur\u00eda de Protecci\u00f3n de Derechos de Ni\u00f1as, Ni\u00f1os y Adolescentes inici\u00f3 una demanda ante la FGE en su contra, por omisi\u00f3n<br>&#8212; Hay una medida cautelar por violencia, dice la autoridad<br>&#8212; La madre lo acus\u00f3 de padecer alcoholismo<\/strong><\/em><\/p>\n\n\n\n<p><strong>Yasm\u00edn Garc\u00eda<\/strong><\/p>\n\n\n\n<p>\u201cTengo un a\u00f1o y dos meses sin ver a mi hija, temo que el DIF estatal la haya dado en adopci\u00f3n sin mi consentimiento\u201d, lament\u00f3 el se\u00f1or Jos\u00e9 Luis Morales Nava, aunque el DIF-Guerrero le se\u00f1al\u00f3 que tiene una medida cautelar, pues fue acusado de ejercer violencia contra la madre.<\/p>\n\n\n\n<p>El 3 de abril de 2023, la pareja de Jos\u00e9 Luis Morales entreg\u00f3 a su hija al DIF estatal sin su consentimiento.<\/p>\n\n\n\n<p>Al enterarse de lo sucedido, Jos\u00e9 Luis acudi\u00f3 a las instalaciones del organismo, donde le dijeron que no hab\u00eda quien lo atendiera porque estaban de vacaciones por la Semana Santa.<\/p>\n\n\n\n<p>El solicit\u00f3 la entrega de su hija de entonces dos meses de nacida.<\/p>\n\n\n\n<p>\u201cNo me dejaron verla s\u00f3lo me dijeron que ya estaba en la casa hogar\u201d, sostuvo.<\/p>\n\n\n\n<p>Ante su insistencia, el procurador de Protecci\u00f3n de Derechos de Ni\u00f1as, Ni\u00f1os y Adolescentes del Sistema DIF Guerrero, Mart\u00edn Yactibany Ram\u00edrez Guti\u00e9rrez le dijo que no permitir\u00eda que viera a su hija y menos se la entregar\u00eda, ya que tiene una carpeta de investigaci\u00f3n en su contra por parte de la Fiscal\u00eda General del Estado (FGE), lo cual desconoc\u00eda.<\/p>\n\n\n\n<p>\u201cMe dice que tengo una carpeta de investigaci\u00f3n en mi contra en el Ministerio P\u00fablico que, si no la resuelvo no podr\u00e9 verla, que \u00e9l no puede hacer nada por m\u00ed, que yo fuera a investigar y resolver mi situaci\u00f3n\u201d.<\/p>\n\n\n\n<p>En la Agencia del Ministerio P\u00fablico del Fuero Com\u00fan le proporcionaron el n\u00famero de la carpeta iniciada en su contra y le recomendaron ir a las oficinas de Defensor\u00eda de Oficio a solicitar un abogado para que pudiera defenderse de las acusaciones.<\/p>\n\n\n\n<p>El 18 de junio del 2023, le defensor\u00eda p\u00fablica le design\u00f3 al abogado Juan Rivera Altamirano, pero este s\u00f3lo le sugiri\u00f3 asistir a la Fiscal\u00eda General del Estado a preguntar por qu\u00e9 se inici\u00f3 una carpeta de investigaci\u00f3n.<\/p>\n\n\n\n<p>Sostuvo que el Ministerio P\u00fablico Emma Radilla se niega a decirle de que lo acusan y no lo atiende, y su abogado p\u00fablico se deslinda.<\/p>\n\n\n\n<p>Hace dos meses, otra abogada, Maril\u00fa Castro Santiago tom\u00f3 el caso y acudi\u00f3 con Jos\u00e9 Luis a la FGE, donde le dijeron que la Ministerio P\u00fablico Emma Radilla fue despedida y que su carpeta desapareci\u00f3, que solo est\u00e1 en digital y que fue iniciada por el procurador de Protecci\u00f3n de Ni\u00f1as, Ni\u00f1os y Adolescentes del DIF Estatal por omisi\u00f3n de cuidados.<\/p>\n\n\n\n<p>\u201cYo no s\u00e9 porque dicen que hay una carpeta en mi contra si yo desde que naci\u00f3 me hice cargo de mi hija y de su mam\u00e1, y yo quiero que me la entreguen porque yo tengo el derecho de estar con ella, de verla crecer\u201d, argumenta Jos\u00e9 Luis.<\/p>\n\n\n\n<p>Ante la negativa de las autoridades, el 23 de mayo present\u00f3 un oficio a la presidenta de la Comisi\u00f3n Estatal de los Derechos Humanos, Cecilia Narciso Gaytan para pedir su intervenci\u00f3n ante las autoridades, sin embargo, no obtuvo respuesta alguna.<\/p>\n\n\n\n<p>\u201cNo me atienden definitivamente me ignoran, yo pienso que s\u00ed es una violaci\u00f3n a mis derechos humanos\u201d, recalc\u00f3.<\/p>\n\n\n\n<p>Pidi\u00f3 la intervenci\u00f3n de la gobernadora Evelyn Salgado Pineda para que pueda ver a su hija y el DIF Estatal se la entregue.<\/p>\n\n\n\n<p><strong>LA RELACI\u00d3N CON SU EX PAREJA<\/strong><\/p>\n\n\n\n<p>Jos\u00e9 Luis es chofer de una Urvan de la ruta Figueroa Mata en Chilpancingo, tiene 53 a\u00f1os; hace cuatro a\u00f1os inici\u00f3 una relaci\u00f3n con la madre de su hija y ahora ex pareja, Maricela de la Luz Zarcos de 39 a\u00f1os, originaria de Atoyac.<\/p>\n\n\n\n<p>Maricela le ocult\u00f3 su embarazo, no viv\u00edan juntos, solo iba algunos d\u00edas a casa de Jos\u00e9 Luis y despu\u00e9s se retiraba; pero el not\u00f3 que su peso aument\u00f3, le ofreci\u00f3 ir al m\u00e9dico por que pens\u00f3 que estaba enferma, pero ella neg\u00f3 que la acompa\u00f1ar\u00e1.<\/p>\n\n\n\n<p>El 3 de enero de 2023, Jos\u00e9 Luis recibi\u00f3 una llamada de una trabajadora social del Hospital del Ni\u00f1o y la Madre Guerrerense, le dijo que Maricela hab\u00eda dado a luz a una ni\u00f1a y que \u00e9l era el padre, que llevar\u00e1 ropa de beb\u00e9 y ropa para su pareja, sorprendido acudi\u00f3 y llev\u00f3 lo que le solicit\u00f3.<\/p>\n\n\n\n<p>Maricela le confes\u00f3 a Jos\u00e9 Luis que era su hija; \u00e9l se las llev\u00f3 a su casa y se hizo responsable de ellas, pero su pareja le dijo que la quer\u00eda dejar porque deseaba regresar a Atoyac.<\/p>\n\n\n\n<p>En febrero del a\u00f1o pasado le llamaron por tel\u00e9fono a Jos\u00e9 Luis del DIF, le comentaron que su pareja quer\u00eda entregar a su hija, pero que no la pod\u00edan aceptar porque ten\u00eda d\u00edas de nacida y deb\u00eda de amamantarla.<\/p>\n\n\n\n<p>Jos\u00e9 Luis y Maricela llegaron a un acuerdo de que ella la amamantaria a la beb\u00e9 hasta que cumpliera un a\u00f1o y entonces ella se podr\u00eda ir y \u00e9l se quedar\u00eda con su hija, pero no fue as\u00ed, la entreg\u00f3 sin su consentimiento al sistema DIF a los dos meses de nacida.<\/p>\n\n\n\n<p>\u201cYo no s\u00e9 por qu\u00e9 hizo eso, yo me hac\u00eda cargo de las dos, ella me dec\u00eda que se quer\u00eda ir a su pueblo, pero nunca voy entender porque la dej\u00f3 en el DIF, yo quiero estar con mi hija verla crecer y hacerme responsable de ella\u201d, sostiene Jos\u00e9 Luis.<\/p>\n\n\n\n<p>En la actualidad su hija ya tiene un a\u00f1o y seis meses, Jos\u00e9 Luis no estuvo en su cumplea\u00f1os.<\/p>\n\n\n\n<p>\u201cTen\u00eda esas ganas de que me dejar\u00e1n verla para abrazarla llevarle un regalito la situaci\u00f3n es que no me dejan, pido de todo coraz\u00f3n que me escuche la gobernadora la presidenta del DIF y que me ayuden siento feo de no tenerla, yo quiero verla crecer a mi lado ayer fue el d\u00eda del padre, pero pues no me dejan verla dicen que est\u00e1 en el albergue, pero tampoco s\u00e9 si es verdad\u201d, manifest\u00f3.<\/p>\n\n\n\n<p><strong>EL CASO<\/strong><\/p>\n\n\n\n<p>En la actualidad, la abogada Maril\u00fa Castro Santiago lleva el caso de Jos\u00e9 Luis, asegur\u00f3 que existe una dilaci\u00f3n de la justicia ya que ninguna de las dependencias ha actuado conforme a derecho.<\/p>\n\n\n\n<p>\u201cEl procurador quiere que se resuelva la carpeta de investigaci\u00f3n, pero casualmente no aparece, entonces dice que la menor sigue en el albergue, pero no tenemos la certeza, nunca la hemos visto, nosotros presentamos hace 15 d\u00edas a Fiscal\u00eda que s\u00f3lo en el sistema, pero no est\u00e1 no se puede trabajar si no est\u00e1 f\u00edsicamente\u201d, manifest\u00f3.<\/p>\n\n\n\n<p>Asegur\u00f3 que el DIF estatal no tiene por qu\u00e9 prohibirle a Jos\u00e9 Luis ver a su hija de un a\u00f1o y seis meses, ya que no ha perdido la guarda custodia en un juicio.<\/p>\n\n\n\n<p>\u201cNo es correcto porque el se\u00f1or nunca perdi\u00f3 la guarda y custodia de la ni\u00f1a ahorita a decir que tiene una carpeta le pertenece al estado, pero no ha perdido un juicio el se\u00f1or vive y no es legal lo que estaban haciendo aqu\u00ed la violaci\u00f3n derechos tambi\u00e9n es de la ni\u00f1a no ha convivido con su pap\u00e1 \u201d.<\/p>\n\n\n\n<p>Solicit\u00f3 la intervenci\u00f3n de la Comisi\u00f3n Estatal de los Derechos Humanos, ante la violaci\u00f3n de los derechos del se\u00f1or Jos\u00e9 Luis y de la menor de edad al no permitirle estar al lado de su padre.<\/p>\n\n\n\n<p><strong>La versi\u00f3n de la autoridad<\/strong><\/p>\n\n\n\n<p>El Gobierno del Estado inform\u00f3 por medio de un texto, que la menor de edad fue entregada al DIF Guerrero porque la madre asegur\u00f3 que no podr\u00eda hacerce cargo de ella, ya que viv\u00eda en condici\u00f3n de calle y el se\u00f1or Jos\u00e9 Luis Morales la violentaba, ya que era alcoh\u00f3lico.<\/p>\n\n\n\n<p>\u00abLa madre de la ni\u00f1a sugiri\u00f3 dejar bajo resguardo del DIF Guerrero a la menor, por lo que firm\u00f3 un acta donde manifest\u00f3 sus deseos de no hacerse cargo de la menor\u00bb, dice el texto.<\/p>\n\n\n\n<p>Se precisa que la se\u00f1ora Maricela estuvo acompa\u00f1ada por una representante de la Secretar\u00eda de la Mujer (Semujer), quien brindo la canalizaci\u00f3n y solicit\u00f3 el ingreso de la beb\u00e9 a la Casa Hogar.<\/p>\n\n\n\n<p>\u00abLa se\u00f1ora en ese momento manifest\u00f3, que su pareja ejerc\u00eda violencia f\u00edsica y verbal hacia ella, siendo una de las razones por la que dejaba bajo resguardo a la menor\u00bb.<\/p>\n\n\n\n<p>Ante estos hechos la Agencia del Ministerio P\u00fablico del Fuero Com\u00fan de la Fiscal\u00eda General del Estado (FGE) inici\u00f3 una carpeta de investigaci\u00f3n en la que se encuentran ambos padres imputados, y se obtuvo una medida cautelar para resguardar a la menor.<\/p>\n\n\n\n<p>Tambi\u00e9n se precisa que no hay ning\u00fan procedimiento de adopci\u00f3n iniciado y que la menor esta en calidad de resguardada hasta que lo determine el Ministerio P\u00fablico.<\/p>\n\n\n\n<p>\u00abCabe se\u00f1alar que posteriormente se localizaron a los t\u00edos de la menor, por parte de la madre, quienes tras verse constantemente amenazados por el se\u00f1or Jos\u00e9 Luis Morales Nava, decidieron regresar a la menor al resguardo del DIF Guerrero\u00bb.<\/p>\n\n\n\n<p>Se agrega que el se\u00f1or Jos\u00e9 Luis podr\u00e1 ver a su hija cuando el Ministerio P\u00fablico lo determine.<\/p>\n","protected":false},"excerpt":{"rendered":"<p>&#8212; Acusa que la Procuradur\u00eda de Protecci\u00f3n de Derechos de Ni\u00f1as, Ni\u00f1os y Adolescentes inici\u00f3 una demanda ante la FGE en su contra, por omisi\u00f3n&#8212; Hay una medida cautelar por&hellip; <\/p>\n","protected":false},"author":32,"featured_media":78732,"comment_status":"open","ping_status":"open","sticky":false,"template":"","format":"standard","meta":{"fifu_image_url":"","fifu_image_alt":"","footnotes":""},"categories":[29],"tags":[],"class_list":["post-78731","post","type-post","status-publish","format-standard","has-post-thumbnail","hentry","category-sociedad"],"_links":{"self":[{"href":"https:\/\/www.interaccionnoticias.com.mx\/index.php?rest_route=\/wp\/v2\/posts\/78731","targetHints":{"allow":["GET"]}}],"collection":[{"href":"https:\/\/www.interaccionnoticias.com.mx\/index.php?rest_route=\/wp\/v2\/posts"}],"about":[{"href":"https:\/\/www.interaccionnoticias.com.mx\/index.php?rest_route=\/wp\/v2\/types\/post"}],"author":[{"embeddable":true,"href":"https:\/\/www.interaccionnoticias.com.mx\/index.php?rest_route=\/wp\/v2\/users\/32"}],"replies":[{"embeddable":true,"href":"https:\/\/www.interaccionnoticias.com.mx\/index.php?rest_route=%2Fwp%2Fv2%2Fcomments&post=78731"}],"version-history":[{"count":2,"href":"https:\/\/www.interaccionnoticias.com.mx\/index.php?rest_route=\/wp\/v2\/posts\/78731\/revisions"}],"predecessor-version":[{"id":78735,"href":"https:\/\/www.interaccionnoticias.com.mx\/index.php?rest_route=\/wp\/v2\/posts\/78731\/revisions\/78735"}],"wp:featuredmedia":[{"embeddable":true,"href":"https:\/\/www.interaccionnoticias.com.mx\/index.php?rest_route=\/wp\/v2\/media\/78732"}],"wp:attachment":[{"href":"https:\/\/www.interaccionnoticias.com.mx\/index.php?rest_route=%2Fwp%2Fv2%2Fmedia&parent=78731"}],"wp:term":[{"taxonomy":"category","embeddable":true,"href":"https:\/\/www.interaccionnoticias.com.mx\/index.php?rest_route=%2Fwp%2Fv2%2Fcategories&post=78731"},{"taxonomy":"post_tag","embeddable":true,"href":"https:\/\/www.interaccionnoticias.com.mx\/index.php?rest_route=%2Fwp%2Fv2%2Ftags&post=78731"}],"curies":[{"name":"wp","href":"https:\/\/api.w.org\/{rel}","templated":true}]}}