{"id":78728,"date":"2024-06-17T15:18:00","date_gmt":"2024-06-17T20:18:00","guid":{"rendered":"https:\/\/www.interaccionnoticias.com.mx\/?p=78728"},"modified":"2024-06-17T20:10:38","modified_gmt":"2024-06-18T01:10:38","slug":"concede-scjn-amparo-a-4-primas-de-lucio-cabanas-victimas-de-desaparicion-forzada-y-tortura","status":"publish","type":"post","link":"https:\/\/www.interaccionnoticias.com.mx\/?p=78728","title":{"rendered":"Concede SCJN amparo a 4 primas de Lucio Caba\u00f1as, v\u00edctimas de desaparici\u00f3n forzada y tortura"},"content":{"rendered":"\n<p><strong><em>&#8212; La violencia contra las familiares del guerrillero se regusto hace 52 a\u00f1os<\/em><\/strong><\/p>\n\n\n\n<p><strong>Rosario Garc\u00eda Orozco<\/strong><\/p>\n\n\n\n<p>La Suprema Corte de Justicia de la Naci\u00f3n (SCJN) concedi\u00f3 un amparo a cuatro primas de Lucio Caba\u00f1as Barrientos, quien fue jefe del grupo armado Partido de los Pobres en los a\u00f1os 70&#8217;s, contra la resoluci\u00f3n de la \u201cno acci\u00f3n penal\u201d de la Fiscal\u00eda General de la Rep\u00fablica (PGR) por el delito de desaparici\u00f3n \u201cforzada transitoria y tortura\u201d, ocurrido hace 52 a\u00f1os.<\/p>\n\n\n\n<p>La informaci\u00f3n sobre la resoluci\u00f3n fue publicada por el Centro de Derechos Humanos de La Monta\u00f1a (Tlachinollan) en sus redes sociales, y menciona que durante el 2015, esa organizaci\u00f3n present\u00f3 una denuncia de desaparici\u00f3n forzada contra Juana, Irene, Rosa y Flavia, primas de Lucio Caba\u00f1as, hecho ocurrido en el 1972, y que a pesar de que ha hab\u00eda pasado mucho tiempo desde que se registraron los hechos, por ser un delito de \u201clesa humanidad\u201d, no prescribe.<\/p>\n\n\n\n<p>Relata el texto que siete a\u00f1os despu\u00e9s, es decir, en el 2022, la Fiscal\u00eda General de la Rep\u00fablica (FGR), a trav\u00e9s de la Fiscal\u00eda Especializada de Control Competencial, determin\u00f3 el \u201cno ejercicio de la acci\u00f3n penal\u201d, de la averiguaci\u00f3n previa iniciada por los delitos clasificados como de \u201clesa humanidad\u201d.<\/p>\n\n\n\n<p>Sobre la sentencia 178\/2022, el juez sexto de Distrito de amparo en materia penal, argument\u00f3 que existen suficientes elementos para deducir presuntativamente que los hechos denunciados debieron estar comprendidos entre los \u201cdelitos de lesa humanidad\u201d.<\/p>\n\n\n\n<p>La Corte Federal determin\u00f3 que la resoluci\u00f3n del Juez es contraria a los Derechos Humanos en cuanto a la justicia y la verdad, por lo que el Ministerio P\u00fablico a cargo de la investigaci\u00f3n deber\u00e1 tomar en cuenta el contexto social y las caracter\u00edsticas del entorno en que se cometieron los hechos.<\/p>\n\n\n\n<p>Por esa raz\u00f3n la SCJN resolvi\u00f3 que el Ministerio P\u00fablico deber\u00e1 investigar y documentar todas las referencias de las averiguaciones previas iniciadas con motivo de los 532 casos identificados por la Comisi\u00f3n Nacional de Derechos Humanos (CNDH), en su recomendaci\u00f3n 26\/2001.<\/p>\n\n\n\n<p>Tambi\u00e9n requiere que la investigaci\u00f3n evidenc\u00ede las conductas de las autoridades que actuaron violentamente contra las quejosas quienes \u201cfueron v\u00edctimas de graves violaciones de derechos humanos, s\u00f3lo por ser familiares de Lucio Caba\u00f1as\u201d.<\/p>\n\n\n\n<p>De acuerdo a la determinaci\u00f3n de la Corte Federal, el Ministerio P\u00fablico tendr\u00e1 que efectuar la investigaci\u00f3n en un plazo de doce meses, para determinar lo procedente, durante el proceso, adem\u00e1s de que cada dos meses deber\u00e1 informar al Juzgado de Distrito el avance y remitir copia certificada de sus actuaciones.<\/p>\n\n\n\n<p>Por su parte, la Secretar\u00eda de gobernaci\u00f3n (SEGOB) inform\u00f3 que la FGR desde el mes de marzo de este a\u00f1o realiz\u00f3 la traslaci\u00f3n de tipos penales para que se juzgue a personas por delitos cometidos en la llamada guerra sucia, sin que el transcurso del tiempo sea impedimento para sancionarlos.<\/p>\n\n\n\n<p>Lo anterior, permitir\u00e1 que las investigaciones iniciadas por delitos como secuestro, privaci\u00f3n ilegal de la libertad o abuso de autoridad, tambi\u00e9n sean sancionadas, ahora como desaparici\u00f3n forzada de personas.<\/p>\n\n\n\n<p>Esa sentencia no solo sienta un precedente para cientos de casos que sucedieron en aquellos a\u00f1os, sino que, adem\u00e1s se reconoce que los cr\u00edmenes cometidos fueron de lesa humanidad, convirti\u00e9ndose en un parteaguas para el acceso a la justicia sobre cr\u00edmenes del pasado en nuestro pa\u00eds, concluye el texto del Centro de Derechos Humanos de La Monta\u00f1a (Tlachinollan)<\/p>\n","protected":false},"excerpt":{"rendered":"<p>&#8212; La violencia contra las familiares del guerrillero se regusto hace 52 a\u00f1os Rosario Garc\u00eda Orozco La Suprema Corte de Justicia de la Naci\u00f3n (SCJN) concedi\u00f3 un amparo a cuatro&hellip; <\/p>\n","protected":false},"author":14,"featured_media":78729,"comment_status":"open","ping_status":"open","sticky":false,"template":"","format":"standard","meta":{"fifu_image_url":"","fifu_image_alt":"","footnotes":""},"categories":[11],"tags":[],"class_list":["post-78728","post","type-post","status-publish","format-standard","has-post-thumbnail","hentry","category-guerrero"],"_links":{"self":[{"href":"https:\/\/www.interaccionnoticias.com.mx\/index.php?rest_route=\/wp\/v2\/posts\/78728","targetHints":{"allow":["GET"]}}],"collection":[{"href":"https:\/\/www.interaccionnoticias.com.mx\/index.php?rest_route=\/wp\/v2\/posts"}],"about":[{"href":"https:\/\/www.interaccionnoticias.com.mx\/index.php?rest_route=\/wp\/v2\/types\/post"}],"author":[{"embeddable":true,"href":"https:\/\/www.interaccionnoticias.com.mx\/index.php?rest_route=\/wp\/v2\/users\/14"}],"replies":[{"embeddable":true,"href":"https:\/\/www.interaccionnoticias.com.mx\/index.php?rest_route=%2Fwp%2Fv2%2Fcomments&post=78728"}],"version-history":[{"count":1,"href":"https:\/\/www.interaccionnoticias.com.mx\/index.php?rest_route=\/wp\/v2\/posts\/78728\/revisions"}],"predecessor-version":[{"id":78730,"href":"https:\/\/www.interaccionnoticias.com.mx\/index.php?rest_route=\/wp\/v2\/posts\/78728\/revisions\/78730"}],"wp:featuredmedia":[{"embeddable":true,"href":"https:\/\/www.interaccionnoticias.com.mx\/index.php?rest_route=\/wp\/v2\/media\/78729"}],"wp:attachment":[{"href":"https:\/\/www.interaccionnoticias.com.mx\/index.php?rest_route=%2Fwp%2Fv2%2Fmedia&parent=78728"}],"wp:term":[{"taxonomy":"category","embeddable":true,"href":"https:\/\/www.interaccionnoticias.com.mx\/index.php?rest_route=%2Fwp%2Fv2%2Fcategories&post=78728"},{"taxonomy":"post_tag","embeddable":true,"href":"https:\/\/www.interaccionnoticias.com.mx\/index.php?rest_route=%2Fwp%2Fv2%2Ftags&post=78728"}],"curies":[{"name":"wp","href":"https:\/\/api.w.org\/{rel}","templated":true}]}}