{"id":7872,"date":"2017-09-07T20:14:58","date_gmt":"2017-09-08T01:14:58","guid":{"rendered":"http:\/\/www.inter-accion.com.mx\/?p=7872"},"modified":"2017-09-07T20:14:58","modified_gmt":"2017-09-08T01:14:58","slug":"promotor-de-amlo-renuncia-a-suplencia-de-representacion-del-prd-ante-el-iepc","status":"publish","type":"post","link":"https:\/\/www.interaccionnoticias.com.mx\/?p=7872","title":{"rendered":"Promotor de AMLO renuncia a suplencia de representaci\u00f3n del PRD ante el IEPC"},"content":{"rendered":"<p>El ex l\u00edder estatal del Partido de la Revoluci\u00f3n Democr\u00e1tica (PRD), Misael Medrano Baza, confirm\u00f3 que hizo entrega de un comunicado al Comit\u00e9 Ejecutivo Estatal, en el que pidi\u00f3 se le sustituyera de su cargo como representante suplente ante el Instituto Electoral y de Participaci\u00f3n Ciudadana.<br \/>\nDijo que esa decisi\u00f3n la opt\u00f3 porque su ideolog\u00eda es contraria a la que intenta impulsar la dirigencia nacional del PRD, al aliarse con el Partido Acci\u00f3n Nacional para conformar el Frente Ciudadano por M\u00e9xico, y eso no le permitir\u00eda cumplir su encargo como representante (PAN).<br \/>\nEn el documento, Medrano Basa acusa al PRD de querer preservar el r\u00e9gimen pol\u00edtico del Partido Revolucionario Institucional (PRI) al no apoyar el proyecto de Andr\u00e9s Manuel L\u00f3pez Obrador (AMLO).<br \/>\n\u201cEstrategia que no comparto y menos podr\u00eda representar,&nbsp;&nbsp;en consecuencia le solicito que proceda a sustituirme como representante suplente ante el Instituto Electoral del Estado\u201d, se manifiesta en el documento.<br \/>\nMedrano Basa, junto con otros fundadores del partido del sol azteca, como F\u00e9lix Salgado Macedonio y Sa\u00fal L\u00f3pez Sollano, encabezan el denominado Comit\u00e9 Pro-Andr\u00e9s Manuel L\u00f3pez Obrador (AMLO), rumbo a las elecciones del pr\u00f3ximo a\u00f1o.<br \/>\nEn ese sentido, recalc\u00f3 que mantendr\u00e1 la militancia perredista y continuar\u00e1 haciendo trabajo pol\u00edtico para el presidente del Comit\u00e9 Ejecutivo de Movimiento Regeneraci\u00f3n Nacional, L\u00f3pez Obrador.<br \/>\nFinalmente, dijo desconocer qui\u00e9n le relevar\u00eda en el cargo, aunque manifest\u00f3 que se habla de figuras como el ex secretario de alianzas del PRD, Juan Manuel Hern\u00e1ndez Gardea.<\/p>\n","protected":false},"excerpt":{"rendered":"<p>El ex l\u00edder estatal del Partido de la Revoluci\u00f3n Democr\u00e1tica (PRD), Misael Medrano Baza, confirm\u00f3 que hizo entrega de un comunicado al Comit\u00e9 Ejecutivo Estatal, en el que pidi\u00f3 se&hellip; <\/p>\n","protected":false},"author":1,"featured_media":0,"comment_status":"closed","ping_status":"closed","sticky":false,"template":"","format":"standard","meta":{"fifu_image_url":"","fifu_image_alt":"","footnotes":""},"categories":[8,18],"tags":[],"class_list":["post-7872","post","type-post","status-publish","format-standard","hentry","category-featured","category-partidos-politicos"],"_links":{"self":[{"href":"https:\/\/www.interaccionnoticias.com.mx\/index.php?rest_route=\/wp\/v2\/posts\/7872","targetHints":{"allow":["GET"]}}],"collection":[{"href":"https:\/\/www.interaccionnoticias.com.mx\/index.php?rest_route=\/wp\/v2\/posts"}],"about":[{"href":"https:\/\/www.interaccionnoticias.com.mx\/index.php?rest_route=\/wp\/v2\/types\/post"}],"author":[{"embeddable":true,"href":"https:\/\/www.interaccionnoticias.com.mx\/index.php?rest_route=\/wp\/v2\/users\/1"}],"replies":[{"embeddable":true,"href":"https:\/\/www.interaccionnoticias.com.mx\/index.php?rest_route=%2Fwp%2Fv2%2Fcomments&post=7872"}],"version-history":[{"count":0,"href":"https:\/\/www.interaccionnoticias.com.mx\/index.php?rest_route=\/wp\/v2\/posts\/7872\/revisions"}],"wp:attachment":[{"href":"https:\/\/www.interaccionnoticias.com.mx\/index.php?rest_route=%2Fwp%2Fv2%2Fmedia&parent=7872"}],"wp:term":[{"taxonomy":"category","embeddable":true,"href":"https:\/\/www.interaccionnoticias.com.mx\/index.php?rest_route=%2Fwp%2Fv2%2Fcategories&post=7872"},{"taxonomy":"post_tag","embeddable":true,"href":"https:\/\/www.interaccionnoticias.com.mx\/index.php?rest_route=%2Fwp%2Fv2%2Ftags&post=7872"}],"curies":[{"name":"wp","href":"https:\/\/api.w.org\/{rel}","templated":true}]}}