{"id":78703,"date":"2024-06-17T13:49:10","date_gmt":"2024-06-17T18:49:10","guid":{"rendered":"https:\/\/www.interaccionnoticias.com.mx\/?p=78703"},"modified":"2024-06-17T13:49:41","modified_gmt":"2024-06-17T18:49:41","slug":"protestan-en-palacio-de-gobierno-trabajadores-del-hospital-general-de-chilapa","status":"publish","type":"post","link":"https:\/\/www.interaccionnoticias.com.mx\/?p=78703","title":{"rendered":"Protestan en Palacio de Gobierno trabajadores del Hospital General de Chilapa"},"content":{"rendered":"\n<p><strong><em>&#8212; Exigen que sus plazas pasen a la n\u00f3mina del sistema IMSS-Bienestar<\/em><\/strong><\/p>\n\n\n\n<p><strong>Rosario Garc\u00eda Orozco<\/strong><\/p>\n\n\n\n<p>Trabajadores del Hospital General de Chilapa protestaron en el acceso principal de la Residencia Oficial del Poder Ejecutivo de Guerrero (RODEG) -antes Palacio de Gobierno-, para exigir la intervenci\u00f3n del gobierno estatal para que sus plazas pasen al sistema del IMSS-Bienestar y cuenten con el salario y las prestaciones de los trabajadores federales.<\/p>\n\n\n\n<p>Elena Xanchocotli Tepetate, ind\u00edgena nahuatl y enfermera general, explic\u00f3 que por lo menos 120 trabajadores de ese hospital exigen que sus plazas sean federales, porque los salarios y prestaciones de la Secretar\u00eda de Salud Guerrero no son suficientes.<\/p>\n\n\n\n<p>\u00abMuchos de nosotros tenemos m\u00e1s de 24 a\u00f1os de servicio, y durante ese tiempo solo contamos con cuotas de recuperaci\u00f3n, somos personal regularizado y formalizado en primera y segunda etapa, ya que a nosotros no nos absorbi\u00f3 el IMSS Bienestar, seguimos con contrato del estado de Guerrero\u00bb, dijo la enfermera ind\u00edgena, en representaci\u00f3n de los manifestantes.<\/p>\n\n\n\n<p>Insisti\u00f3 en la exigencia al gobierno del estado para que intervenga ante el gobierno federal, para que absorba sus n\u00f3minas y puedan contar con el salario y las prestaciones a las que tienen derecho.<\/p>\n\n\n\n<p>Lament\u00f3 que la dirigente del Sindicato de salud en el estado, Beatriz V\u00e9lez N\u00fa\u00f1ez los enga\u00f1\u00f3 al decirles que ya en el mes de octubre las plazas estatales de ese hospital pasar\u00edan al gobierno federal v\u00eda n\u00f3mina, \u00abs\u00f3lo nos enga\u00f1\u00f3, nos dijo que nos iban a basificar, que nos va a llegar la base en octubre, y nosotros ya fuimos a M\u00e9xico a las oficinas centrales, y nos dijeron que no estamos en su sistema, s\u00ed somos de base pero de la Secretar\u00eda de Salud Guerrero\u00bb.<\/p>\n\n\n\n<p>Se quej\u00f3 porque los salarios son muy bajos a pesar de que \u00abmuchos de nosotros tenemos buen perfil, con una especialidad y nos pagan como auxiliares de enfermer\u00eda\u00bb, por lo que exigieron mejores salarios y mejores prestaciones, para elevar su calidad de vida y la de sus familias.<\/p>\n","protected":false},"excerpt":{"rendered":"<p>&#8212; Exigen que sus plazas pasen a la n\u00f3mina del sistema IMSS-Bienestar Rosario Garc\u00eda Orozco Trabajadores del Hospital General de Chilapa protestaron en el acceso principal de la Residencia Oficial&hellip; <\/p>\n","protected":false},"author":14,"featured_media":78704,"comment_status":"open","ping_status":"open","sticky":false,"template":"","format":"standard","meta":{"fifu_image_url":"","fifu_image_alt":"","footnotes":""},"categories":[26],"tags":[],"class_list":["post-78703","post","type-post","status-publish","format-standard","has-post-thumbnail","hentry","category-salud"],"_links":{"self":[{"href":"https:\/\/www.interaccionnoticias.com.mx\/index.php?rest_route=\/wp\/v2\/posts\/78703","targetHints":{"allow":["GET"]}}],"collection":[{"href":"https:\/\/www.interaccionnoticias.com.mx\/index.php?rest_route=\/wp\/v2\/posts"}],"about":[{"href":"https:\/\/www.interaccionnoticias.com.mx\/index.php?rest_route=\/wp\/v2\/types\/post"}],"author":[{"embeddable":true,"href":"https:\/\/www.interaccionnoticias.com.mx\/index.php?rest_route=\/wp\/v2\/users\/14"}],"replies":[{"embeddable":true,"href":"https:\/\/www.interaccionnoticias.com.mx\/index.php?rest_route=%2Fwp%2Fv2%2Fcomments&post=78703"}],"version-history":[{"count":2,"href":"https:\/\/www.interaccionnoticias.com.mx\/index.php?rest_route=\/wp\/v2\/posts\/78703\/revisions"}],"predecessor-version":[{"id":78706,"href":"https:\/\/www.interaccionnoticias.com.mx\/index.php?rest_route=\/wp\/v2\/posts\/78703\/revisions\/78706"}],"wp:featuredmedia":[{"embeddable":true,"href":"https:\/\/www.interaccionnoticias.com.mx\/index.php?rest_route=\/wp\/v2\/media\/78704"}],"wp:attachment":[{"href":"https:\/\/www.interaccionnoticias.com.mx\/index.php?rest_route=%2Fwp%2Fv2%2Fmedia&parent=78703"}],"wp:term":[{"taxonomy":"category","embeddable":true,"href":"https:\/\/www.interaccionnoticias.com.mx\/index.php?rest_route=%2Fwp%2Fv2%2Fcategories&post=78703"},{"taxonomy":"post_tag","embeddable":true,"href":"https:\/\/www.interaccionnoticias.com.mx\/index.php?rest_route=%2Fwp%2Fv2%2Ftags&post=78703"}],"curies":[{"name":"wp","href":"https:\/\/api.w.org\/{rel}","templated":true}]}}