{"id":78680,"date":"2024-06-17T12:56:09","date_gmt":"2024-06-17T17:56:09","guid":{"rendered":"https:\/\/www.interaccionnoticias.com.mx\/?p=78680"},"modified":"2024-06-17T12:56:11","modified_gmt":"2024-06-17T17:56:11","slug":"estudiantes-de-medicina-de-la-uagro-exigen-campos-clinicos-para-realizar-su-internado","status":"publish","type":"post","link":"https:\/\/www.interaccionnoticias.com.mx\/?p=78680","title":{"rendered":"Estudiantes de Medicina de la UAGro exigen campos cl\u00ednicos para realizar su internado"},"content":{"rendered":"\n<p><strong><em>&#8212; Denuncian que los marginan para favorecer a sus similares de la Universidad del Bienestar<\/em><\/strong><\/p>\n\n\n\n<p><strong>Rogelio Agust\u00edn<\/strong><\/p>\n\n\n\n<p>Estudiantes de la Facutad de Medicina de la Universidad Aut\u00f3noma de Guerrero (UAGro) acudieron a las oficinas centrales de la Secretar\u00eda de Salud (SSG) para solicitar la asignaci\u00f3n de campos cl\u00ednicos para realizar sus pr\u00e1cticas, pues se\u00f1alan que han sido relegados por sus hom\u00f3logos de la Universidad del Bienestar ubicada en Tierra Colorada, municipio de Juan R. Escudero.<\/p>\n\n\n\n<p>Este lunes, los estudiantes de la UAGro se concentraron en las oficinas de la SSG con la intenci\u00f3n de dialogar con la titular del \u00e1rea, Aid\u00e9 Ibarez Castro, quien no se encontraba en dicho lugar.<\/p>\n\n\n\n<p>Reynel P\u00e9rez Molina, uno de los estudiantes afectados, se\u00f1al\u00f3 que los inconformes son estudiantes de la carrera de Medicina que se encuentran a la espera de que les asignen campos cl\u00ednicos para continuar con su formaci\u00f3n profesional.<\/p>\n\n\n\n<p>Destac\u00f3 que se trata de alumnos que est\u00e1n completamente al corriente con sus materias, por lo que no tienen ning\u00fan pendiente que justifique la demora.<\/p>\n\n\n\n<p>Explic\u00f3 que la no asignaci\u00f3n de campos cl\u00ednicos, se debe a que la Universidad del Bienestar tambi\u00e9n tiene la carrera de Medicina, a cuyos alumnos se les otorga un trato preferencial en la asignaci\u00f3n de los espacios, lo que implica que haya una segregaci\u00f3n y resago.<\/p>\n\n\n\n<p>Explic\u00f3 que esta generaci\u00f3n de Medicina en la UAGro est\u00e1 entregando 205 profesionistas que deben realizar su internado de manera obligatoria, pero solamente les asignaron 165 y dejarn a 40 fuera.<\/p>\n\n\n\n<p>A esos 40, se suman otros que llevan entre un a\u00f1o y a\u00f1o y medio esperando la asignaci\u00f3n de espacios, lo que en los hechos trunca su proceso de formaci\u00f3n.<\/p>\n\n\n\n<p>Explic\u00f3: \u201cLa lucha que hacemos es obvio para nosotros, pero tambi\u00e9n para nuestros compa\u00f1eros en el futuro, porque si hoy es dificil, ma\u00f1ana va a ser mucho m\u00e1s complicado conseguir una plaza de internado\u201d.<\/p>\n\n\n\n<p>El grupo de manifestantes solicit\u00f3 a la administraci\u00f3n central de la UAGro que no los deje solos, ya que el problema que enfrentan es muy delicado y se puede agudizar.<\/p>\n\n\n\n<p><\/p>\n","protected":false},"excerpt":{"rendered":"<p>&#8212; Denuncian que los marginan para favorecer a sus similares de la Universidad del Bienestar Rogelio Agust\u00edn Estudiantes de la Facutad de Medicina de la Universidad Aut\u00f3noma de Guerrero (UAGro)&hellip; <\/p>\n","protected":false},"author":21,"featured_media":78681,"comment_status":"open","ping_status":"open","sticky":false,"template":"","format":"standard","meta":{"fifu_image_url":"","fifu_image_alt":"","footnotes":""},"categories":[30],"tags":[],"class_list":["post-78680","post","type-post","status-publish","format-standard","has-post-thumbnail","hentry","category-universidad"],"_links":{"self":[{"href":"https:\/\/www.interaccionnoticias.com.mx\/index.php?rest_route=\/wp\/v2\/posts\/78680","targetHints":{"allow":["GET"]}}],"collection":[{"href":"https:\/\/www.interaccionnoticias.com.mx\/index.php?rest_route=\/wp\/v2\/posts"}],"about":[{"href":"https:\/\/www.interaccionnoticias.com.mx\/index.php?rest_route=\/wp\/v2\/types\/post"}],"author":[{"embeddable":true,"href":"https:\/\/www.interaccionnoticias.com.mx\/index.php?rest_route=\/wp\/v2\/users\/21"}],"replies":[{"embeddable":true,"href":"https:\/\/www.interaccionnoticias.com.mx\/index.php?rest_route=%2Fwp%2Fv2%2Fcomments&post=78680"}],"version-history":[{"count":1,"href":"https:\/\/www.interaccionnoticias.com.mx\/index.php?rest_route=\/wp\/v2\/posts\/78680\/revisions"}],"predecessor-version":[{"id":78682,"href":"https:\/\/www.interaccionnoticias.com.mx\/index.php?rest_route=\/wp\/v2\/posts\/78680\/revisions\/78682"}],"wp:featuredmedia":[{"embeddable":true,"href":"https:\/\/www.interaccionnoticias.com.mx\/index.php?rest_route=\/wp\/v2\/media\/78681"}],"wp:attachment":[{"href":"https:\/\/www.interaccionnoticias.com.mx\/index.php?rest_route=%2Fwp%2Fv2%2Fmedia&parent=78680"}],"wp:term":[{"taxonomy":"category","embeddable":true,"href":"https:\/\/www.interaccionnoticias.com.mx\/index.php?rest_route=%2Fwp%2Fv2%2Fcategories&post=78680"},{"taxonomy":"post_tag","embeddable":true,"href":"https:\/\/www.interaccionnoticias.com.mx\/index.php?rest_route=%2Fwp%2Fv2%2Ftags&post=78680"}],"curies":[{"name":"wp","href":"https:\/\/api.w.org\/{rel}","templated":true}]}}