{"id":78673,"date":"2024-06-17T12:32:45","date_gmt":"2024-06-17T17:32:45","guid":{"rendered":"https:\/\/www.interaccionnoticias.com.mx\/?p=78673"},"modified":"2024-06-17T12:33:04","modified_gmt":"2024-06-17T17:33:04","slug":"dos-lesionados-en-ataque-armado-en-acapulco","status":"publish","type":"post","link":"https:\/\/www.interaccionnoticias.com.mx\/?p=78673","title":{"rendered":"Dos lesionados en ataque armado en Acapulco"},"content":{"rendered":"\n<p><strong><em>&#8212; Dos lesionados, entre ellos una mujer y un hombre<br>&#8212; En pleno festejo del D\u00eda del Padre<\/em><\/strong><\/p>\n\n\n\n<p><strong>Javier Trujillo<\/strong><\/p>\n\n\n\n<p><strong>Acapulco, Gro.- <\/strong>Atacan a una familia a balazos en pleno festejo del d\u00eda del padre, dejando dos personas heridas en la colonia Francisco Villa, en la zona urbana de Acapulco.<\/p>\n\n\n\n<p>Aproximadamente a las 19:00 horas a trav\u00e9s del Servicio de Emergencia del 911 se alert\u00f3 que en las avenidas Constituci\u00f3n y Del Campesino, hombres armados realizaron disparos con armas de grueso calibre y lesionaron a un hombre y una mujer.<\/p>\n\n\n\n<p>La agresi\u00f3n se ubic\u00f3 cerca de la V Etapa del Infonavit Alta Progreso, en el anfiteatro porte\u00f1o, donde inicialmente se indica que una mujer result\u00f3 lesionada por disparos de arma de fuego, m\u00e1s tarde se precis\u00f3 que era dos los lesionados.<\/p>\n\n\n\n<p>Hasta la zona de la agresi\u00f3n acudieron los param\u00e9dicos de la Central de Urgencias M\u00e9dicas de Acapulco (CUMA), quienes atendieron a los que resultaron con heridas de bala que no ponen en riesgo la vida de ambos.<\/p>\n\n\n\n<p>M\u00e1s tarde acudieron efectivos de distintas corporaciones policiales y de seguridad p\u00fablica, y se realiz\u00f3 un recorrido en calles de la colonia Francisco Villa y el complejo habitacional del Infonavit, sin resultados positivos.<\/p>\n","protected":false},"excerpt":{"rendered":"<p>&#8212; Dos lesionados, entre ellos una mujer y un hombre&#8212; En pleno festejo del D\u00eda del Padre Javier Trujillo Acapulco, Gro.- Atacan a una familia a balazos en pleno festejo&hellip; <\/p>\n","protected":false},"author":3,"featured_media":78674,"comment_status":"open","ping_status":"open","sticky":false,"template":"","format":"standard","meta":{"fifu_image_url":"","fifu_image_alt":"","footnotes":""},"categories":[27],"tags":[],"class_list":["post-78673","post","type-post","status-publish","format-standard","has-post-thumbnail","hentry","category-seguridad-publica"],"_links":{"self":[{"href":"https:\/\/www.interaccionnoticias.com.mx\/index.php?rest_route=\/wp\/v2\/posts\/78673","targetHints":{"allow":["GET"]}}],"collection":[{"href":"https:\/\/www.interaccionnoticias.com.mx\/index.php?rest_route=\/wp\/v2\/posts"}],"about":[{"href":"https:\/\/www.interaccionnoticias.com.mx\/index.php?rest_route=\/wp\/v2\/types\/post"}],"author":[{"embeddable":true,"href":"https:\/\/www.interaccionnoticias.com.mx\/index.php?rest_route=\/wp\/v2\/users\/3"}],"replies":[{"embeddable":true,"href":"https:\/\/www.interaccionnoticias.com.mx\/index.php?rest_route=%2Fwp%2Fv2%2Fcomments&post=78673"}],"version-history":[{"count":2,"href":"https:\/\/www.interaccionnoticias.com.mx\/index.php?rest_route=\/wp\/v2\/posts\/78673\/revisions"}],"predecessor-version":[{"id":78676,"href":"https:\/\/www.interaccionnoticias.com.mx\/index.php?rest_route=\/wp\/v2\/posts\/78673\/revisions\/78676"}],"wp:featuredmedia":[{"embeddable":true,"href":"https:\/\/www.interaccionnoticias.com.mx\/index.php?rest_route=\/wp\/v2\/media\/78674"}],"wp:attachment":[{"href":"https:\/\/www.interaccionnoticias.com.mx\/index.php?rest_route=%2Fwp%2Fv2%2Fmedia&parent=78673"}],"wp:term":[{"taxonomy":"category","embeddable":true,"href":"https:\/\/www.interaccionnoticias.com.mx\/index.php?rest_route=%2Fwp%2Fv2%2Fcategories&post=78673"},{"taxonomy":"post_tag","embeddable":true,"href":"https:\/\/www.interaccionnoticias.com.mx\/index.php?rest_route=%2Fwp%2Fv2%2Ftags&post=78673"}],"curies":[{"name":"wp","href":"https:\/\/api.w.org\/{rel}","templated":true}]}}