{"id":78667,"date":"2024-06-17T12:20:42","date_gmt":"2024-06-17T17:20:42","guid":{"rendered":"https:\/\/www.interaccionnoticias.com.mx\/?p=78667"},"modified":"2024-06-17T12:20:44","modified_gmt":"2024-06-17T17:20:44","slug":"inicia-semana-con-cierre-de-calles-para-exigir-suministro-de-agua","status":"publish","type":"post","link":"https:\/\/www.interaccionnoticias.com.mx\/?p=78667","title":{"rendered":"Inicia semana con cierre de calles para exigir suministro de agua"},"content":{"rendered":"\n<p><strong><em>&#8212; Vecinos de San Antonio cierran avenida 5 de Mayo<\/em><\/strong><\/p>\n\n\n\n<p><strong>Jes\u00fas Dorantes<\/strong><\/p>\n\n\n\n<p><strong>Chilpancingo, Gro.- <\/strong>Habitantes del barrio de San Antonio cerraron la avenida 5 de Febrero y Ni\u00f1os H\u00e9roes para exigir el suministro de agua potable, luego de m\u00e1s un mes sin tener el servicio por parte de la comisi\u00f3n de agua potable y alcantarillado de Chilpancingo (CAPACH).<\/p>\n\n\n\n<p>Desde las 09:00 horas del lunes un grupo de 20 personas cerraron la circulaci\u00f3n vehicular colocando cintas amarillas y veh\u00edculos, para cerrar el cruce de las calles antes mencionadas.<\/p>\n\n\n\n<p>En entrevista Seraf\u00edn Luviano denunci\u00f3 que llevan aproximadamente 40 d\u00edas sin recibir el servicio de agua en sus hogares, por lo que se han visto en la necesidad de comprar pipas de agua que van desde los 700 a los mil 400 pesos.<\/p>\n\n\n\n<p>Adem\u00e1s de se\u00f1alar que la \u00fanica justificaci\u00f3n que les han dado por parte del municipio es \u201cque quiz\u00e1s existan algunas tuber\u00edas tapadas\u201d, lo cual advierten los vecinos es mentira ya que s\u00ed les llega el agua cuando tiene suficiente presi\u00f3n.<\/p>\n\n\n\n<p>La ausencia del vital l\u00edquido aseguran los vecinos de la calle Ni\u00f1os H\u00e9roes afecta 50 familias que han cumplido con sus pagos y ahora son ignorados por el municipio.<\/p>\n","protected":false},"excerpt":{"rendered":"<p>&#8212; Vecinos de San Antonio cierran avenida 5 de Mayo Jes\u00fas Dorantes Chilpancingo, Gro.- Habitantes del barrio de San Antonio cerraron la avenida 5 de Febrero y Ni\u00f1os H\u00e9roes para&hellip; <\/p>\n","protected":false},"author":8,"featured_media":78669,"comment_status":"open","ping_status":"open","sticky":false,"template":"","format":"standard","meta":{"fifu_image_url":"","fifu_image_alt":"","footnotes":""},"categories":[13],"tags":[],"class_list":["post-78667","post","type-post","status-publish","format-standard","has-post-thumbnail","hentry","category-capital"],"_links":{"self":[{"href":"https:\/\/www.interaccionnoticias.com.mx\/index.php?rest_route=\/wp\/v2\/posts\/78667","targetHints":{"allow":["GET"]}}],"collection":[{"href":"https:\/\/www.interaccionnoticias.com.mx\/index.php?rest_route=\/wp\/v2\/posts"}],"about":[{"href":"https:\/\/www.interaccionnoticias.com.mx\/index.php?rest_route=\/wp\/v2\/types\/post"}],"author":[{"embeddable":true,"href":"https:\/\/www.interaccionnoticias.com.mx\/index.php?rest_route=\/wp\/v2\/users\/8"}],"replies":[{"embeddable":true,"href":"https:\/\/www.interaccionnoticias.com.mx\/index.php?rest_route=%2Fwp%2Fv2%2Fcomments&post=78667"}],"version-history":[{"count":1,"href":"https:\/\/www.interaccionnoticias.com.mx\/index.php?rest_route=\/wp\/v2\/posts\/78667\/revisions"}],"predecessor-version":[{"id":78670,"href":"https:\/\/www.interaccionnoticias.com.mx\/index.php?rest_route=\/wp\/v2\/posts\/78667\/revisions\/78670"}],"wp:featuredmedia":[{"embeddable":true,"href":"https:\/\/www.interaccionnoticias.com.mx\/index.php?rest_route=\/wp\/v2\/media\/78669"}],"wp:attachment":[{"href":"https:\/\/www.interaccionnoticias.com.mx\/index.php?rest_route=%2Fwp%2Fv2%2Fmedia&parent=78667"}],"wp:term":[{"taxonomy":"category","embeddable":true,"href":"https:\/\/www.interaccionnoticias.com.mx\/index.php?rest_route=%2Fwp%2Fv2%2Fcategories&post=78667"},{"taxonomy":"post_tag","embeddable":true,"href":"https:\/\/www.interaccionnoticias.com.mx\/index.php?rest_route=%2Fwp%2Fv2%2Ftags&post=78667"}],"curies":[{"name":"wp","href":"https:\/\/api.w.org\/{rel}","templated":true}]}}