{"id":78651,"date":"2024-06-16T20:46:49","date_gmt":"2024-06-17T01:46:49","guid":{"rendered":"https:\/\/www.interaccionnoticias.com.mx\/?p=78651"},"modified":"2024-06-16T20:46:51","modified_gmt":"2024-06-17T01:46:51","slug":"reportan-desaparicion-de-una-adolescente-en-iguala","status":"publish","type":"post","link":"https:\/\/www.interaccionnoticias.com.mx\/?p=78651","title":{"rendered":"Reportan desaparici\u00f3n de una adolescente en Iguala"},"content":{"rendered":"\n<p><strong><em>&#8212; Durante el s\u00e1bado, presuntamente desminti\u00f3 estar desaparecida<\/em><\/strong><\/p>\n\n\n\n<p><strong>Jes\u00fas Dorantes<\/strong><\/p>\n\n\n\n<p><strong>Chilpancingo, Gro.- <\/strong>La joven Aureliz Cruz Dom\u00ednguez, de 17 a\u00f1os de edad fue reportada como desaparecida desde el pasado 15 de junio, en el municipio de Iguala de la Independencia, en la regi\u00f3n Norte del Estado.<\/p>\n\n\n\n<p>La Fiscal\u00eda General del Estado (FGE) emiti\u00f3 una ficha de buscada por medio del protocolo de Alerta Amber, en el que se\u00f1ala que Aureliz tiene un tatuaje en la parte del bisep izquierdo en forma de un conejo en color negro, viste falda de mezclilla y blusa color negro con tenis blancos.<\/p>\n\n\n\n<p>Como se\u00f1as particulares se especifica qu\u00e9 es de tez morena, delgada, cabello largo lacio, ojos rasgados, nariz afilada y boca mediana.<\/p>\n\n\n\n<p>La ficha fue emitida hasta el domingo 06 de junio tampoco se detalla que \u201chasta el momento se desconoce de su paradero y se teme que pueda ser v\u00edctima de un delito\u201d.<\/p>\n\n\n\n<p>En una p\u00e1gina de Facebook de noticias locales del municipio de Iguala, se realiz\u00f3 la denuncia acusando a un ex novio de la joven de llev\u00e1rsela de manera violenta, por lo que desde el presunto perfil de la misma red social de la joven desminti\u00f3 el hecho.<\/p>\n\n\n\n<p>\u201cSoy Aureliz, este comentario lo hago con el af\u00e1n de informar que me encuentro bien, mantuve conversaci\u00f3n con mi familia esta ma\u00f1ana para inform\u00e1rselos, nadie me llev\u00f3 a la fuerza yo decid\u00ed irme por mi propia voluntad, he pedido ya que se bajen estas publicaciones pero de alguna forma estas p\u00e1ginas no lo han querido hacer, soy consiente de lo que est\u00e1 pasando, pero vuelvo y repito ME ENCUENTRO BIEN\u201d el comentario fue publicado la jornada del domingo.<\/p>\n\n\n\n<p>Dicha publicaci\u00f3n se hizo cinco horas antes de que se publicar\u00e1 de manera formal la ficha de b\u00fasqueda, misma que permanece activa.<\/p>\n\n\n\n<div class=\"wp-block-jetpack-slideshow aligncenter\" data-effect=\"slide\"><div class=\"wp-block-jetpack-slideshow_container swiper-container\"><ul class=\"wp-block-jetpack-slideshow_swiper-wrapper swiper-wrapper\"><li class=\"wp-block-jetpack-slideshow_slide swiper-slide\"><figure><img decoding=\"async\" src=\"data:image\/gif;base64,R0lGODlhAQABAIAAAAAAAP\/\/\/ywAAAAAAQABAAACAUwAOw==\" fifu-lazy=\"1\" fifu-data-sizes=\"auto\" fifu-data-srcset=\"https:\/\/i0.wp.com\/www.interaccionnoticias.com.mx\/wp-content\/uploads\/2024\/06\/240616-CC-Aureliz-Cruz-Dominguez-779x1024.jpg?ssl=1&w=75&resize=75&ssl=1 75w, https:\/\/i0.wp.com\/www.interaccionnoticias.com.mx\/wp-content\/uploads\/2024\/06\/240616-CC-Aureliz-Cruz-Dominguez-779x1024.jpg?ssl=1&w=100&resize=100&ssl=1 100w, https:\/\/i0.wp.com\/www.interaccionnoticias.com.mx\/wp-content\/uploads\/2024\/06\/240616-CC-Aureliz-Cruz-Dominguez-779x1024.jpg?ssl=1&w=150&resize=150&ssl=1 150w, https:\/\/i0.wp.com\/www.interaccionnoticias.com.mx\/wp-content\/uploads\/2024\/06\/240616-CC-Aureliz-Cruz-Dominguez-779x1024.jpg?ssl=1&w=240&resize=240&ssl=1 240w, https:\/\/i0.wp.com\/www.interaccionnoticias.com.mx\/wp-content\/uploads\/2024\/06\/240616-CC-Aureliz-Cruz-Dominguez-779x1024.jpg?ssl=1&w=320&resize=320&ssl=1 320w, https:\/\/i0.wp.com\/www.interaccionnoticias.com.mx\/wp-content\/uploads\/2024\/06\/240616-CC-Aureliz-Cruz-Dominguez-779x1024.jpg?ssl=1&w=500&resize=500&ssl=1 500w, https:\/\/i0.wp.com\/www.interaccionnoticias.com.mx\/wp-content\/uploads\/2024\/06\/240616-CC-Aureliz-Cruz-Dominguez-779x1024.jpg?ssl=1&w=640&resize=640&ssl=1 640w, https:\/\/i0.wp.com\/www.interaccionnoticias.com.mx\/wp-content\/uploads\/2024\/06\/240616-CC-Aureliz-Cruz-Dominguez-779x1024.jpg?ssl=1&w=800&resize=800&ssl=1 800w, https:\/\/i0.wp.com\/www.interaccionnoticias.com.mx\/wp-content\/uploads\/2024\/06\/240616-CC-Aureliz-Cruz-Dominguez-779x1024.jpg?ssl=1&w=1024&resize=1024&ssl=1 1024w, https:\/\/i0.wp.com\/www.interaccionnoticias.com.mx\/wp-content\/uploads\/2024\/06\/240616-CC-Aureliz-Cruz-Dominguez-779x1024.jpg?ssl=1&w=1280&resize=1280&ssl=1 1280w, https:\/\/i0.wp.com\/www.interaccionnoticias.com.mx\/wp-content\/uploads\/2024\/06\/240616-CC-Aureliz-Cruz-Dominguez-779x1024.jpg?ssl=1&w=1600&resize=1600&ssl=1 1600w\" alt=\"\" class=\"wp-block-jetpack-slideshow_image wp-image-78652\" data-id=\"78652\" fifu-data-src=\"https:\/\/i0.wp.com\/www.interaccionnoticias.com.mx\/wp-content\/uploads\/2024\/06\/240616-CC-Aureliz-Cruz-Dominguez-779x1024.jpg?ssl=1\"\/><\/figure><\/li><\/ul><a class=\"wp-block-jetpack-slideshow_button-prev swiper-button-prev swiper-button-white\" role=\"button\"><\/a><a class=\"wp-block-jetpack-slideshow_button-next swiper-button-next swiper-button-white\" role=\"button\"><\/a><a aria-label=\"Pause Slideshow\" class=\"wp-block-jetpack-slideshow_button-pause\" role=\"button\"><\/a><div class=\"wp-block-jetpack-slideshow_pagination swiper-pagination swiper-pagination-white\"><\/div><\/div><\/div>\n","protected":false},"excerpt":{"rendered":"<p>&#8212; Durante el s\u00e1bado, presuntamente desminti\u00f3 estar desaparecida Jes\u00fas Dorantes Chilpancingo, Gro.- La joven Aureliz Cruz Dom\u00ednguez, de 17 a\u00f1os de edad fue reportada como desaparecida desde el pasado 15&hellip; <\/p>\n","protected":false},"author":8,"featured_media":78653,"comment_status":"open","ping_status":"open","sticky":false,"template":"","format":"standard","meta":{"fifu_image_url":"","fifu_image_alt":"","footnotes":""},"categories":[27],"tags":[],"class_list":["post-78651","post","type-post","status-publish","format-standard","has-post-thumbnail","hentry","category-seguridad-publica"],"_links":{"self":[{"href":"https:\/\/www.interaccionnoticias.com.mx\/index.php?rest_route=\/wp\/v2\/posts\/78651","targetHints":{"allow":["GET"]}}],"collection":[{"href":"https:\/\/www.interaccionnoticias.com.mx\/index.php?rest_route=\/wp\/v2\/posts"}],"about":[{"href":"https:\/\/www.interaccionnoticias.com.mx\/index.php?rest_route=\/wp\/v2\/types\/post"}],"author":[{"embeddable":true,"href":"https:\/\/www.interaccionnoticias.com.mx\/index.php?rest_route=\/wp\/v2\/users\/8"}],"replies":[{"embeddable":true,"href":"https:\/\/www.interaccionnoticias.com.mx\/index.php?rest_route=%2Fwp%2Fv2%2Fcomments&post=78651"}],"version-history":[{"count":1,"href":"https:\/\/www.interaccionnoticias.com.mx\/index.php?rest_route=\/wp\/v2\/posts\/78651\/revisions"}],"predecessor-version":[{"id":78654,"href":"https:\/\/www.interaccionnoticias.com.mx\/index.php?rest_route=\/wp\/v2\/posts\/78651\/revisions\/78654"}],"wp:featuredmedia":[{"embeddable":true,"href":"https:\/\/www.interaccionnoticias.com.mx\/index.php?rest_route=\/wp\/v2\/media\/78653"}],"wp:attachment":[{"href":"https:\/\/www.interaccionnoticias.com.mx\/index.php?rest_route=%2Fwp%2Fv2%2Fmedia&parent=78651"}],"wp:term":[{"taxonomy":"category","embeddable":true,"href":"https:\/\/www.interaccionnoticias.com.mx\/index.php?rest_route=%2Fwp%2Fv2%2Fcategories&post=78651"},{"taxonomy":"post_tag","embeddable":true,"href":"https:\/\/www.interaccionnoticias.com.mx\/index.php?rest_route=%2Fwp%2Fv2%2Ftags&post=78651"}],"curies":[{"name":"wp","href":"https:\/\/api.w.org\/{rel}","templated":true}]}}