{"id":78635,"date":"2024-06-14T21:42:37","date_gmt":"2024-06-15T02:42:37","guid":{"rendered":"https:\/\/www.interaccionnoticias.com.mx\/?p=78635"},"modified":"2024-06-14T21:42:40","modified_gmt":"2024-06-15T02:42:40","slug":"sin-apoyo-gubernamental-busca-a-su-hija","status":"publish","type":"post","link":"https:\/\/www.interaccionnoticias.com.mx\/?p=78635","title":{"rendered":"Sin apoyo gubernamental busca a su hija"},"content":{"rendered":"\n<p><em><strong>&#8212; Est\u00e1 desaparecida y no le hacen caso<br>&#8212; Clama por ayuda para localizar a su hija<\/strong><\/em><\/p>\n\n\n\n<p><strong>Javier Trujillo<\/strong><\/p>\n\n\n\n<p><strong>Acapulco, Gro. &#8211;<\/strong> Hace un mes su hija Cristina L\u00f3pez Salvador sali\u00f3 a trabajar y ya no regres\u00f3 a su casa, desde entonces todos los d\u00edas sale a colocar fichas de b\u00fasqueda de descendiente.<\/p>\n\n\n\n<p>Con l\u00e1grimas en los ojos y la angustia reflejada en el rostro, do\u00f1a Teresa de Jes\u00fas Salvador, sale todos los d\u00edas en b\u00fasqueda de su hija Cristina de 32 a\u00f1os de edad y reprocha que nadie la ayuda.<\/p>\n\n\n\n<p>\u201cBusco a mi hija (Cristina L\u00f3pez), ella sali\u00f3 a trabajar y ya no regres\u00f3 a la casa. Ella trabajaba en la playa en el hotel Calinda, y recorr\u00eda hasta la playa Los Panchos, pero ya no regres\u00f3.<\/p>\n\n\n\n<p>\u201cLes pido a la gente que me ayuden a localizar a mi hija, si la llegan a ver que le digan que me habl\u00e9, que me ayuden ya tiene un mes que no sabe de ella\u201d, clama entre llanto y gimoteo la desesperada Teresa de Jes\u00fas Salvador.<\/p>\n\n\n\n<p>El pasado once de mayo del presente a\u00f1o, Cristina L\u00f3pez Salvador, sali\u00f3 de su casa a trabajar y desde entonces ya no regres\u00f3.<\/p>\n\n\n\n<p>Justamente cuando su madre coloca una de las fichas de b\u00fasqueda de la FGE, cuenta que ese d\u00eda su hija vest\u00eda una blusa blanca de algod\u00f3n con manga larga, pantal\u00f3n de mezclilla azul marino, tenis negros y mochila verde.<\/p>\n\n\n\n<p>Le dijeron que la \u00faltima vez que la vieron fue en el fraccionamiento Magallanes, en la zona del Acapulco Diamante.<\/p>\n\n\n\n<p>A pesar de que present\u00f3 su denuncia, acusa que las autoridades de la fiscal\u00eda poco han hecho para buscar a su hija.<\/p>\n","protected":false},"excerpt":{"rendered":"<p>&#8212; Est\u00e1 desaparecida y no le hacen caso&#8212; Clama por ayuda para localizar a su hija Javier Trujillo Acapulco, Gro. &#8211; Hace un mes su hija Cristina L\u00f3pez Salvador sali\u00f3&hellip; <\/p>\n","protected":false},"author":3,"featured_media":78636,"comment_status":"open","ping_status":"open","sticky":false,"template":"","format":"standard","meta":{"fifu_image_url":"","fifu_image_alt":"","footnotes":""},"categories":[29],"tags":[],"class_list":["post-78635","post","type-post","status-publish","format-standard","has-post-thumbnail","hentry","category-sociedad"],"_links":{"self":[{"href":"https:\/\/www.interaccionnoticias.com.mx\/index.php?rest_route=\/wp\/v2\/posts\/78635","targetHints":{"allow":["GET"]}}],"collection":[{"href":"https:\/\/www.interaccionnoticias.com.mx\/index.php?rest_route=\/wp\/v2\/posts"}],"about":[{"href":"https:\/\/www.interaccionnoticias.com.mx\/index.php?rest_route=\/wp\/v2\/types\/post"}],"author":[{"embeddable":true,"href":"https:\/\/www.interaccionnoticias.com.mx\/index.php?rest_route=\/wp\/v2\/users\/3"}],"replies":[{"embeddable":true,"href":"https:\/\/www.interaccionnoticias.com.mx\/index.php?rest_route=%2Fwp%2Fv2%2Fcomments&post=78635"}],"version-history":[{"count":1,"href":"https:\/\/www.interaccionnoticias.com.mx\/index.php?rest_route=\/wp\/v2\/posts\/78635\/revisions"}],"predecessor-version":[{"id":78637,"href":"https:\/\/www.interaccionnoticias.com.mx\/index.php?rest_route=\/wp\/v2\/posts\/78635\/revisions\/78637"}],"wp:featuredmedia":[{"embeddable":true,"href":"https:\/\/www.interaccionnoticias.com.mx\/index.php?rest_route=\/wp\/v2\/media\/78636"}],"wp:attachment":[{"href":"https:\/\/www.interaccionnoticias.com.mx\/index.php?rest_route=%2Fwp%2Fv2%2Fmedia&parent=78635"}],"wp:term":[{"taxonomy":"category","embeddable":true,"href":"https:\/\/www.interaccionnoticias.com.mx\/index.php?rest_route=%2Fwp%2Fv2%2Fcategories&post=78635"},{"taxonomy":"post_tag","embeddable":true,"href":"https:\/\/www.interaccionnoticias.com.mx\/index.php?rest_route=%2Fwp%2Fv2%2Ftags&post=78635"}],"curies":[{"name":"wp","href":"https:\/\/api.w.org\/{rel}","templated":true}]}}