{"id":78632,"date":"2024-06-14T21:30:48","date_gmt":"2024-06-15T02:30:48","guid":{"rendered":"https:\/\/www.interaccionnoticias.com.mx\/?p=78632"},"modified":"2024-06-14T21:30:50","modified_gmt":"2024-06-15T02:30:50","slug":"acusan-al-obispo-emerito-salvador-rangel-de-solo-reunirse-con-gente-de-poder-no-con-las-victimas","status":"publish","type":"post","link":"https:\/\/www.interaccionnoticias.com.mx\/?p=78632","title":{"rendered":"Acusan al obispo em\u00e9rito, Salvador Rangel de solo reunirse con gente de poder, no con las v\u00edctimas"},"content":{"rendered":"\n<p><em><strong>&#8212; Su actitud es m\u00e1s bien de vocero de grupos delictivos, asegura Jos\u00e9 D\u00edaz Navarro, vocero de \u201cSiempre vivos\u201d, de Chilapa<br>&#8212; Percibe un escenario nada positivo en Chilapa<\/strong><\/em><\/p>\n\n\n\n<p><strong>Jes\u00fas Dorantes<\/strong><\/p>\n\n\n\n<p><strong>Chilpancingo, Gro.- <\/strong>El vocero del colectivo \u201cSiempre Vivos\u201d, Jos\u00e9 D\u00edaz Navarro acus\u00f3 al obispo em\u00e9rito, Salvador Rangel Mendoza de reunirse solamente con gente que tiene poder, no con las v\u00edctimas.<\/p>\n\n\n\n<p>En Chilpancingo, D\u00edaz Navarro fue cuestionado sobre los beneficios que tendr\u00eda La tregua entre grupos criminales en el municipio de Chilapa de \u00c1lvarez, donde se\u00f1al\u00f3, se tiene un registro de m\u00e1s de 500 desaparecidos y mil personas asesinadas entre 2012 y 2019, tiempo en que dicho colectivo se tom\u00f3 la tarea de llevar un registro.<\/p>\n\n\n\n<p>El activista reconoci\u00f3 que en Chilapa ha bajado la tasa de homicidios, pero se contin\u00faa cobrando piso hasta por estacionar un cami\u00f3n en la carretera que va hacia la regi\u00f3n de la Monta\u00f1a.<\/p>\n\n\n\n<p>Respecto a los oficios que ha desempe\u00f1ado el obispo Rangel Mendoza, como promotor de la paz en el estado de Guerrero, el profesor jubilado sostiene que no lo ubica como un activista a favor de la paz, \u201cpues solamente se re\u00fane con gente que tiene poder o con l\u00edderes de grupos delictivos\u201d.<\/p>\n\n\n\n<p>\u201cQuien presumi\u00f3 m\u00e1s de esta cercan\u00eda y de estos acuerdos (las treguas) fue el obispo Rangel, del cual yo sigo sin creer en \u00e9l. No creo que sea una persona buena, a \u00e9l nunca lo han visto con las v\u00edctimas siempre ha estado con la gente que tiene el poder, el dinero y el control\u201d.<\/p>\n\n\n\n<p>En el caso concreto de Chilapa, dijo que Rangel se ha manejado como un vocero del grupo de los Ardillos, pero tambi\u00e9n ha presumido el acercamiento con otras organizaciones criminales de la entidad.<\/p>\n\n\n\n<p>Cuestionado sobre la situaci\u00f3n que prevalece en Chilapa, Jos\u00e9 D\u00edaz Navarro sostuvo que el panorama no es alentador.<\/p>\n\n\n\n<p>\u201cChilapa es un caso muy especial, desafortunadamente las autoridades municipales est\u00e1n de brazos ca\u00eddos porque dejaron todo en manos de la delincuencia; no se vienen cosas buenas para Chilapa, el control no lo tienen las autoridades, quien realmente manda y seguir\u00e1 mandando es la delincuencia organizada\u201d, asegur\u00f3.<\/p>\n","protected":false},"excerpt":{"rendered":"<p>&#8212; Su actitud es m\u00e1s bien de vocero de grupos delictivos, asegura Jos\u00e9 D\u00edaz Navarro, vocero de \u201cSiempre vivos\u201d, de Chilapa&#8212; Percibe un escenario nada positivo en Chilapa Jes\u00fas Dorantes&hellip; <\/p>\n","protected":false},"author":8,"featured_media":78633,"comment_status":"open","ping_status":"open","sticky":false,"template":"","format":"standard","meta":{"fifu_image_url":"","fifu_image_alt":"","footnotes":""},"categories":[15],"tags":[],"class_list":["post-78632","post","type-post","status-publish","format-standard","has-post-thumbnail","hentry","category-movimientos-sociales"],"_links":{"self":[{"href":"https:\/\/www.interaccionnoticias.com.mx\/index.php?rest_route=\/wp\/v2\/posts\/78632","targetHints":{"allow":["GET"]}}],"collection":[{"href":"https:\/\/www.interaccionnoticias.com.mx\/index.php?rest_route=\/wp\/v2\/posts"}],"about":[{"href":"https:\/\/www.interaccionnoticias.com.mx\/index.php?rest_route=\/wp\/v2\/types\/post"}],"author":[{"embeddable":true,"href":"https:\/\/www.interaccionnoticias.com.mx\/index.php?rest_route=\/wp\/v2\/users\/8"}],"replies":[{"embeddable":true,"href":"https:\/\/www.interaccionnoticias.com.mx\/index.php?rest_route=%2Fwp%2Fv2%2Fcomments&post=78632"}],"version-history":[{"count":1,"href":"https:\/\/www.interaccionnoticias.com.mx\/index.php?rest_route=\/wp\/v2\/posts\/78632\/revisions"}],"predecessor-version":[{"id":78634,"href":"https:\/\/www.interaccionnoticias.com.mx\/index.php?rest_route=\/wp\/v2\/posts\/78632\/revisions\/78634"}],"wp:featuredmedia":[{"embeddable":true,"href":"https:\/\/www.interaccionnoticias.com.mx\/index.php?rest_route=\/wp\/v2\/media\/78633"}],"wp:attachment":[{"href":"https:\/\/www.interaccionnoticias.com.mx\/index.php?rest_route=%2Fwp%2Fv2%2Fmedia&parent=78632"}],"wp:term":[{"taxonomy":"category","embeddable":true,"href":"https:\/\/www.interaccionnoticias.com.mx\/index.php?rest_route=%2Fwp%2Fv2%2Fcategories&post=78632"},{"taxonomy":"post_tag","embeddable":true,"href":"https:\/\/www.interaccionnoticias.com.mx\/index.php?rest_route=%2Fwp%2Fv2%2Ftags&post=78632"}],"curies":[{"name":"wp","href":"https:\/\/api.w.org\/{rel}","templated":true}]}}