{"id":7863,"date":"2017-09-07T18:43:37","date_gmt":"2017-09-07T23:43:37","guid":{"rendered":"http:\/\/www.inter-accion.com.mx\/?p=7863"},"modified":"2017-09-07T18:43:37","modified_gmt":"2017-09-07T23:43:37","slug":"asume-enrique-gonzalez-ruiz-la-defensa-de-policias-comunitarios-presos","status":"publish","type":"post","link":"https:\/\/www.interaccionnoticias.com.mx\/?p=7863","title":{"rendered":"Asume Enrique Gonz\u00e1lez Ruiz la defensa de polic\u00edas comunitarios presos"},"content":{"rendered":"<p><strong>Entre ellos el de Gonzalo&nbsp;Molina&nbsp;<\/strong><br \/>\nEl ex rector de la Universidad Aut\u00f3noma de Guerrero (UAGro) y ex integrante de la Comisi\u00f3n de la Verdad, creada para Investigar los cr\u00edmenes cometidos durante la Guerra Sucia, Enrique Gonz\u00e1lez Ruiz asumi\u00f3 la defensa jur\u00eddica de los polic\u00edas de la Coordinadora Regional de Autridades Comunitarias (CRAC), entre ellos Gonzalo Molina Gonz\u00e1lez.<br \/>\nEn conferencia de prensa, Gonz\u00e1lez Ruiz explic\u00f3 que a partir de este jueves, el tomar\u00eda en sus manos la defensa legal de Molina Gonzalez, principal promotor de la CRAC en Tixtla, quien junto con otros dirigentes sociales se encuentran presos por defender a sus pueblos, cuando eran atacados por grupos del crimen organizado.<br \/>\nAunque reconoci\u00f3 que todav\u00eda no tiene el expediente completo en sus manos, el ex integrante de la Comverdad, dijo que en el caso de Gonzalo Molina existen varias circunstancias que de atenderse, permitir\u00edan que el dirigente social ya estuviera fuera de prisi\u00f3n, entre ellas las complicaciones de salud que enfrenta, principalmente de tipo renal.<br \/>\nConsider\u00f3 que las imputaciones hechas contra Molina Gonz\u00e1lez, como terrorismo, delincuencia organizada, robo agravado y lesiones, entre otras, resultan desproporcionadas porque no concuerdan con las actitudes asumidas por los integrantes de la CRAC.<br \/>\nSin embargo, refiri\u00f3 que las acusaciones llevan m\u00e1s una intencionalidad de tipo pol\u00edticos que un sustento verdaderamente jur\u00eddico, pues la intenci\u00f3n es desprestigiarlos ante los ojos de la sociedad, para que a partir de estigmatizarlos justificar las acciones legales en su contra.<br \/>\nRecord\u00f3 que a Gonzalo inicialmente lo trasladaron al penal federal de Miahuatl\u00e1n Oaxaca, despu\u00e9s lo llevaron hacia La Palma, en el Estado de Mexico y desde hace cuatro a\u00f1os est\u00e1 en el cereso de Chilpancingo.<br \/>\nRecord\u00f3 que imputaciones similares hubo en los casos de Nestora Salgado, l\u00edder de la CRAC en Olinal\u00e1 y Jos\u00e9 Manuel Mireles, l\u00edder de las autodefensas de Michoac\u00e1n, pero ambos ya est\u00e1n libres, lo que demuestra que las causas penales integradas en su contra no estuvieron bien sustentadas.<br \/>\nDe hecho, los polic\u00edas comunitarios detenidos con Molina Gonz\u00e1lez ya est\u00e1n libres, pero solo a \u00e9l se le mantiene en condici\u00f3n de reh\u00e9n de las autoridades.<br \/>\nPor esa raz\u00f3n, dijo que desde el centro de la Rep\u00fablica habr\u00e1 una campa\u00f1a de concientizaci\u00f3n para facilitar el proceso de excarcelaci\u00f3n de Molina, porque ya no hay argumentos jur\u00eddicos para negarle libertad.<br \/>\n\u201cDefender a su pueblo de la delincuencia organizada, sin dudas constituye un acto de leg\u00edtima defensa que est\u00e1 fundamentado en la ley, por eso no hay raz\u00f3n para mantenerlos cautivos\u201d, asegur\u00f3.<\/p>\n","protected":false},"excerpt":{"rendered":"<p>Entre ellos el de Gonzalo&nbsp;Molina&nbsp; El ex rector de la Universidad Aut\u00f3noma de Guerrero (UAGro) y ex integrante de la Comisi\u00f3n de la Verdad, creada para Investigar los cr\u00edmenes cometidos&hellip; <\/p>\n","protected":false},"author":1,"featured_media":0,"comment_status":"closed","ping_status":"closed","sticky":false,"template":"","format":"standard","meta":{"fifu_image_url":"","fifu_image_alt":"","footnotes":""},"categories":[8,15],"tags":[],"class_list":["post-7863","post","type-post","status-publish","format-standard","hentry","category-featured","category-movimientos-sociales"],"_links":{"self":[{"href":"https:\/\/www.interaccionnoticias.com.mx\/index.php?rest_route=\/wp\/v2\/posts\/7863","targetHints":{"allow":["GET"]}}],"collection":[{"href":"https:\/\/www.interaccionnoticias.com.mx\/index.php?rest_route=\/wp\/v2\/posts"}],"about":[{"href":"https:\/\/www.interaccionnoticias.com.mx\/index.php?rest_route=\/wp\/v2\/types\/post"}],"author":[{"embeddable":true,"href":"https:\/\/www.interaccionnoticias.com.mx\/index.php?rest_route=\/wp\/v2\/users\/1"}],"replies":[{"embeddable":true,"href":"https:\/\/www.interaccionnoticias.com.mx\/index.php?rest_route=%2Fwp%2Fv2%2Fcomments&post=7863"}],"version-history":[{"count":0,"href":"https:\/\/www.interaccionnoticias.com.mx\/index.php?rest_route=\/wp\/v2\/posts\/7863\/revisions"}],"wp:attachment":[{"href":"https:\/\/www.interaccionnoticias.com.mx\/index.php?rest_route=%2Fwp%2Fv2%2Fmedia&parent=7863"}],"wp:term":[{"taxonomy":"category","embeddable":true,"href":"https:\/\/www.interaccionnoticias.com.mx\/index.php?rest_route=%2Fwp%2Fv2%2Fcategories&post=7863"},{"taxonomy":"post_tag","embeddable":true,"href":"https:\/\/www.interaccionnoticias.com.mx\/index.php?rest_route=%2Fwp%2Fv2%2Ftags&post=7863"}],"curies":[{"name":"wp","href":"https:\/\/api.w.org\/{rel}","templated":true}]}}