{"id":7857,"date":"2017-09-07T18:33:11","date_gmt":"2017-09-07T23:33:11","guid":{"rendered":"http:\/\/www.inter-accion.com.mx\/?p=7857"},"modified":"2017-09-07T18:33:11","modified_gmt":"2017-09-07T23:33:11","slug":"considera-astudillo-que-esta-justificada-la-solicitud-de-recursos-del-fonden-para-23-municipios","status":"publish","type":"post","link":"https:\/\/www.interaccionnoticias.com.mx\/?p=7857","title":{"rendered":"Considera Astudillo que est\u00e1 justificada la solicitud de recursos del FONDEN para 23 municipios"},"content":{"rendered":"<p><strong>Las lluvias ya disminuyen, asegura<\/strong><br \/>\nEl gobernador H\u00e9ctor Astudillo Flores sostuvo que est\u00e1 completamente justificada la petici\u00f3n de que se emita una declaratoria de desastres en 23 municipios afectados por las lluvias, para efecto de que se apliquen en ellos recursos del Fondo de Desastres Naturales (Fonden).<br \/>\nLa noche del mi\u00e9rcoles 6 de septiembre, la Secretar\u00eda de Protecci\u00f3n Civil del gobierno estatal, inform\u00f3 que se hab\u00eda solicitado a la Secretar\u00eda de Desastres la emisi\u00f3n de una declaratoria que permita la aplicaci\u00f3n de recursos del Fonden en por lo menos 800 viviendas, las cuales fueron impactadas por la lluvia durante tres d\u00edas consecutivos en 23 municipios ubicados principalmente en las regiones de Tierra Caliente, zona Norte y Centro.<br \/>\nLa ma\u00f1ana del jueves 7, el gobernador inform\u00f3 que en realidad, la solicitud de que se emita dicha declaratoria se firm\u00f3 desde la noche del martes 5, por los problemas que genararon el crecimiento de los r\u00edos Balsas y Mezcala, aunque durante las \u00faltimas horas disminuyeron de manera notable.<br \/>\nLo que viene ahora, es adoptar medidas para que el hurac\u00e1n que se est\u00e1 formando frente a los estados de Veracruz y Tamaulipas no llegue hasta Guerrero, puesto que a pesar de que de primera instancia no se est\u00e1 en la zona de alerta, si la lluvia llega a Puebla se estar\u00e1 ante un afluente importante del R\u00edo Balsas, que fue el que desbord\u00f3 arroyos para inundar la mayor\u00eda de las 800 viviendas reportadas al Fonden en Tierra Caliente.<br \/>\nAstudillo Flores coment\u00f3 que durante la ma\u00f1ana del jueves dialog\u00f3 con los mandos de la VIII Zona Naval, en el puerto de Acapulco y quedaron en reunirse m\u00e1s tarde para emitir un cerco de alerta, ante la proximidad del hurac\u00e1n que se forma en las costas de Veracruz y Tamaulipas.<br \/>\nAl margen de la respuesta que en su momento emita la SEGOB, dijo que el gobierno estatal se mantiene en la regi\u00f3n de la Tierra Caliente, de donde&nbsp;no se mover\u00e1 hasta que el riesgo de contingencia se disipe.<\/p>\n","protected":false},"excerpt":{"rendered":"<p>Las lluvias ya disminuyen, asegura El gobernador H\u00e9ctor Astudillo Flores sostuvo que est\u00e1 completamente justificada la petici\u00f3n de que se emita una declaratoria de desastres en 23 municipios afectados por&hellip; <\/p>\n","protected":false},"author":1,"featured_media":0,"comment_status":"closed","ping_status":"closed","sticky":false,"template":"","format":"standard","meta":{"fifu_image_url":"","fifu_image_alt":"","footnotes":""},"categories":[8,11],"tags":[],"class_list":["post-7857","post","type-post","status-publish","format-standard","hentry","category-featured","category-guerrero"],"_links":{"self":[{"href":"https:\/\/www.interaccionnoticias.com.mx\/index.php?rest_route=\/wp\/v2\/posts\/7857","targetHints":{"allow":["GET"]}}],"collection":[{"href":"https:\/\/www.interaccionnoticias.com.mx\/index.php?rest_route=\/wp\/v2\/posts"}],"about":[{"href":"https:\/\/www.interaccionnoticias.com.mx\/index.php?rest_route=\/wp\/v2\/types\/post"}],"author":[{"embeddable":true,"href":"https:\/\/www.interaccionnoticias.com.mx\/index.php?rest_route=\/wp\/v2\/users\/1"}],"replies":[{"embeddable":true,"href":"https:\/\/www.interaccionnoticias.com.mx\/index.php?rest_route=%2Fwp%2Fv2%2Fcomments&post=7857"}],"version-history":[{"count":0,"href":"https:\/\/www.interaccionnoticias.com.mx\/index.php?rest_route=\/wp\/v2\/posts\/7857\/revisions"}],"wp:attachment":[{"href":"https:\/\/www.interaccionnoticias.com.mx\/index.php?rest_route=%2Fwp%2Fv2%2Fmedia&parent=7857"}],"wp:term":[{"taxonomy":"category","embeddable":true,"href":"https:\/\/www.interaccionnoticias.com.mx\/index.php?rest_route=%2Fwp%2Fv2%2Fcategories&post=7857"},{"taxonomy":"post_tag","embeddable":true,"href":"https:\/\/www.interaccionnoticias.com.mx\/index.php?rest_route=%2Fwp%2Fv2%2Ftags&post=7857"}],"curies":[{"name":"wp","href":"https:\/\/api.w.org\/{rel}","templated":true}]}}