{"id":78525,"date":"2024-06-12T00:21:39","date_gmt":"2024-06-12T05:21:39","guid":{"rendered":"https:\/\/www.interaccionnoticias.com.mx\/?p=78525"},"modified":"2024-06-12T00:21:41","modified_gmt":"2024-06-12T05:21:41","slug":"localizan-a-la-estudiante-de-secundaria-desaparecida-en-chilpancingo","status":"publish","type":"post","link":"https:\/\/www.interaccionnoticias.com.mx\/?p=78525","title":{"rendered":"Localizan a la estudiante de secundaria desaparecida en Chilpancingo"},"content":{"rendered":"\n<p><em><strong>Marisol Monserrat, de 13 a\u00f1os ya est\u00e1 con su familia, indica la FGE<\/strong><\/em><\/p>\n\n\n\n<p><strong>Rogelio Agust\u00edn<\/strong><\/p>\n\n\n\n<p>La Fiscal\u00eda General del Estado (FGE) confirm\u00f3 la localizaci\u00f3n en buenas condiciones de salud de la menor Marisol Monserrat Jim\u00e9nez Bernab\u00e9, por quien padres de familia de la secundaria Raymundo Abarca Alarc\u00f3n realizaron una movilizaci\u00f3n durante la ma\u00f1ana y tarde del martes.<\/p>\n\n\n\n<p>Entrada la noche, la FGE inform\u00f3 que la menor hab\u00eda sido localizada en la capital del estado, en buenas condiciones y entregada a su familia.<\/p>\n\n\n\n<p>La instituci\u00f3n destaca que la menor que contaba con reporte de desaparici\u00f3n y era buscada desde la jornada del 10 de junio, cuando se recibi\u00f3 la denuncia formal ante el Ministerio P\u00fablico del Fuero Com\u00fan (MPFC).<\/p>\n\n\n\n<p>Refiere que la Fiscal\u00eda Especializada en materia de Desaparici\u00f3n Forzada y B\u00fasqueda de Personas Desaparecidas dio acompa\u00f1amiento a la familia de la menor; asimismo, en diversas reuniones de seguimiento se les mantuvo actualizadas sobre el estatus de la b\u00fasqueda.<\/p>\n\n\n\n<p>Anota que tras corroborar el buen estado de salud f\u00edsico, emocional y psicol\u00f3gico la menor fue entregada a su familia, desactivando la ficha de b\u00fasqueda correspondiente.<\/p>\n\n\n\n<p>Por este caso, se activ\u00f3 el Protocolo Violeta y la Alerta Amber.<\/p>\n\n\n\n<div class=\"wp-block-jetpack-slideshow aligncenter\" data-effect=\"slide\"><div class=\"wp-block-jetpack-slideshow_container swiper-container\"><ul class=\"wp-block-jetpack-slideshow_swiper-wrapper swiper-wrapper\"><li class=\"wp-block-jetpack-slideshow_slide swiper-slide\"><figure><img decoding=\"async\" src=\"data:image\/gif;base64,R0lGODlhAQABAIAAAAAAAP\/\/\/ywAAAAAAQABAAACAUwAOw==\" fifu-lazy=\"1\" fifu-data-sizes=\"auto\" fifu-data-srcset=\"https:\/\/i2.wp.com\/www.interaccionnoticias.com.mx\/wp-content\/uploads\/2024\/06\/240611-Marisol-Monserrat-Jimenez-1-790x1024.jpg?ssl=1&w=75&resize=75&ssl=1 75w, https:\/\/i2.wp.com\/www.interaccionnoticias.com.mx\/wp-content\/uploads\/2024\/06\/240611-Marisol-Monserrat-Jimenez-1-790x1024.jpg?ssl=1&w=100&resize=100&ssl=1 100w, https:\/\/i2.wp.com\/www.interaccionnoticias.com.mx\/wp-content\/uploads\/2024\/06\/240611-Marisol-Monserrat-Jimenez-1-790x1024.jpg?ssl=1&w=150&resize=150&ssl=1 150w, https:\/\/i2.wp.com\/www.interaccionnoticias.com.mx\/wp-content\/uploads\/2024\/06\/240611-Marisol-Monserrat-Jimenez-1-790x1024.jpg?ssl=1&w=240&resize=240&ssl=1 240w, https:\/\/i2.wp.com\/www.interaccionnoticias.com.mx\/wp-content\/uploads\/2024\/06\/240611-Marisol-Monserrat-Jimenez-1-790x1024.jpg?ssl=1&w=320&resize=320&ssl=1 320w, https:\/\/i2.wp.com\/www.interaccionnoticias.com.mx\/wp-content\/uploads\/2024\/06\/240611-Marisol-Monserrat-Jimenez-1-790x1024.jpg?ssl=1&w=500&resize=500&ssl=1 500w, https:\/\/i2.wp.com\/www.interaccionnoticias.com.mx\/wp-content\/uploads\/2024\/06\/240611-Marisol-Monserrat-Jimenez-1-790x1024.jpg?ssl=1&w=640&resize=640&ssl=1 640w, https:\/\/i2.wp.com\/www.interaccionnoticias.com.mx\/wp-content\/uploads\/2024\/06\/240611-Marisol-Monserrat-Jimenez-1-790x1024.jpg?ssl=1&w=800&resize=800&ssl=1 800w, https:\/\/i2.wp.com\/www.interaccionnoticias.com.mx\/wp-content\/uploads\/2024\/06\/240611-Marisol-Monserrat-Jimenez-1-790x1024.jpg?ssl=1&w=1024&resize=1024&ssl=1 1024w, https:\/\/i2.wp.com\/www.interaccionnoticias.com.mx\/wp-content\/uploads\/2024\/06\/240611-Marisol-Monserrat-Jimenez-1-790x1024.jpg?ssl=1&w=1280&resize=1280&ssl=1 1280w, https:\/\/i2.wp.com\/www.interaccionnoticias.com.mx\/wp-content\/uploads\/2024\/06\/240611-Marisol-Monserrat-Jimenez-1-790x1024.jpg?ssl=1&w=1600&resize=1600&ssl=1 1600w\" alt=\"\" class=\"wp-block-jetpack-slideshow_image wp-image-78526\" data-id=\"78526\" fifu-data-src=\"https:\/\/i2.wp.com\/www.interaccionnoticias.com.mx\/wp-content\/uploads\/2024\/06\/240611-Marisol-Monserrat-Jimenez-1-790x1024.jpg?ssl=1\"\/><\/figure><\/li><\/ul><a class=\"wp-block-jetpack-slideshow_button-prev swiper-button-prev swiper-button-white\" role=\"button\"><\/a><a class=\"wp-block-jetpack-slideshow_button-next swiper-button-next swiper-button-white\" role=\"button\"><\/a><a aria-label=\"Pause Slideshow\" class=\"wp-block-jetpack-slideshow_button-pause\" role=\"button\"><\/a><div class=\"wp-block-jetpack-slideshow_pagination swiper-pagination swiper-pagination-white\"><\/div><\/div><\/div>\n","protected":false},"excerpt":{"rendered":"<p>Marisol Monserrat, de 13 a\u00f1os ya est\u00e1 con su familia, indica la FGE Rogelio Agust\u00edn La Fiscal\u00eda General del Estado (FGE) confirm\u00f3 la localizaci\u00f3n en buenas condiciones de salud de&hellip; <\/p>\n","protected":false},"author":21,"featured_media":78527,"comment_status":"open","ping_status":"open","sticky":false,"template":"","format":"standard","meta":{"fifu_image_url":"","fifu_image_alt":"","footnotes":""},"categories":[27],"tags":[],"class_list":["post-78525","post","type-post","status-publish","format-standard","has-post-thumbnail","hentry","category-seguridad-publica"],"_links":{"self":[{"href":"https:\/\/www.interaccionnoticias.com.mx\/index.php?rest_route=\/wp\/v2\/posts\/78525","targetHints":{"allow":["GET"]}}],"collection":[{"href":"https:\/\/www.interaccionnoticias.com.mx\/index.php?rest_route=\/wp\/v2\/posts"}],"about":[{"href":"https:\/\/www.interaccionnoticias.com.mx\/index.php?rest_route=\/wp\/v2\/types\/post"}],"author":[{"embeddable":true,"href":"https:\/\/www.interaccionnoticias.com.mx\/index.php?rest_route=\/wp\/v2\/users\/21"}],"replies":[{"embeddable":true,"href":"https:\/\/www.interaccionnoticias.com.mx\/index.php?rest_route=%2Fwp%2Fv2%2Fcomments&post=78525"}],"version-history":[{"count":1,"href":"https:\/\/www.interaccionnoticias.com.mx\/index.php?rest_route=\/wp\/v2\/posts\/78525\/revisions"}],"predecessor-version":[{"id":78528,"href":"https:\/\/www.interaccionnoticias.com.mx\/index.php?rest_route=\/wp\/v2\/posts\/78525\/revisions\/78528"}],"wp:featuredmedia":[{"embeddable":true,"href":"https:\/\/www.interaccionnoticias.com.mx\/index.php?rest_route=\/wp\/v2\/media\/78527"}],"wp:attachment":[{"href":"https:\/\/www.interaccionnoticias.com.mx\/index.php?rest_route=%2Fwp%2Fv2%2Fmedia&parent=78525"}],"wp:term":[{"taxonomy":"category","embeddable":true,"href":"https:\/\/www.interaccionnoticias.com.mx\/index.php?rest_route=%2Fwp%2Fv2%2Fcategories&post=78525"},{"taxonomy":"post_tag","embeddable":true,"href":"https:\/\/www.interaccionnoticias.com.mx\/index.php?rest_route=%2Fwp%2Fv2%2Ftags&post=78525"}],"curies":[{"name":"wp","href":"https:\/\/api.w.org\/{rel}","templated":true}]}}