{"id":78518,"date":"2024-06-11T18:36:00","date_gmt":"2024-06-11T23:36:00","guid":{"rendered":"https:\/\/www.interaccionnoticias.com.mx\/?p=78518"},"modified":"2024-06-11T23:57:47","modified_gmt":"2024-06-12T04:57:47","slug":"aprueba-congreso-local-el-haber-de-retiro-unico-a-los-magistrados-del-poder-judicial-del-estado","status":"publish","type":"post","link":"https:\/\/www.interaccionnoticias.com.mx\/?p=78518","title":{"rendered":"Aprueba Congreso local el haber de retiro \u00fanico a los magistrados del Poder Judicial del Estado"},"content":{"rendered":"\n<p><strong><em>&#8212; El haber \u00fanico no aplicar\u00e1 para los magistrados que ya est\u00e1n en funciones sino para los que los sustituyan<\/em><\/strong><\/p>\n\n\n\n<p><strong>Yasm\u00edn Garc\u00eda<\/strong><\/p>\n\n\n\n<p>El Congreso local aprob\u00f3 el dictamen de reforma y adici\u00f3n a la Ley Org\u00e1nica del Poder Judicial del Estado para cambiar el haber de retiro vitalicio de los magistrados del Tribunal Superior de Justicia por un haber de retiro \u00fanico, fue aprobado con 24 votos a favor, cero abstenciones y cero en contra.<\/p>\n\n\n\n<p>El dictamen fue fundamentado por la diputada morenista, Mar\u00eda Flores Maldonado en tribuna, quien asegur\u00f3 que el haber vitalicio resulta contradictorio a la pensi\u00f3n de un trabajador, adem\u00e1s de que se suma a la austeridad republicana.<\/p>\n\n\n\n<p>El haber ser\u00e1 equivalente a tres meses del salario y un mes de salario por cada dos a\u00f1os de servicio prestados, con excepci\u00f3n de los casos en que sean privados de su cargo en forma definitiva por sanciones dispuestas en la Constituci\u00f3n Pol\u00edtica del Estado, la Ley Org\u00e1nica del Poder Judicial y la Ley de Responsabilidades de los Servidores P\u00fablicos.<\/p>\n\n\n\n<p>Antes del dictamen, los magistrados del Tribunal Superior de Justicia al retirarse tendr\u00e1n derecho a un haber de retiro vitalicio al cien por ciento durante los dos primeros a\u00f1os y al 70 por ciento durante el resto del tiempo, del ingreso mensual que corresponda a los magistrados en activo.<\/p>\n\n\n\n<p>En entrevista la diputada presidenta de la Junta de Coordinaci\u00f3n Pol\u00edtica (JUCOPO) del Congreso local, Citlalli Calixto Jim\u00e9nez mencion\u00f3 que es una propuesta del diputado de la fracci\u00f3n del PRD, Bernardo Ortega Jim\u00e9nez y que la fracci\u00f3n de MORENA decidi\u00f3 acompa\u00f1ar ya que el presidente de M\u00e9xico, Andr\u00e9s Manuel L\u00f3pez Obrador ha implementado la pol\u00edtica de la austeridad.<\/p>\n\n\n\n<p>\u201cFortalecer esas finanzas para que desde el gobierno del estado se implementen para otras cuestiones y no para los pagos de manera vitalicia, insisto est\u00e1 regulada ya hay jurisprudencia de la corte lo estamos haciendo de manera legal\u201d, dijo la presidenta de la Jucopo.<\/p>\n\n\n\n<p>La tambi\u00e9n coordinadora del Grupo Parlamentario de MORENA en el Congreso local, mencion\u00f3 que el pago de manera vitalicia a los magistrados eleva los gastos, por lo que el dar solo un pago va a ser eficiente el recurso que servir\u00e1 para otras gestiones, \u201cestamos hablando de haberes que ser\u00e1n en un solo momento\u201d.<\/p>\n\n\n\n<p>El haber \u00fanico no aplicar\u00e1 para los magistrados que ya est\u00e1n en funciones sino para los que los sustituyan.<\/p>\n\n\n\n<p>En ese sentido Calixto Jim\u00e9nez recalc\u00f3 que esta legislatura esta legitimando la pol\u00edtica de austeridad.<\/p>\n","protected":false},"excerpt":{"rendered":"<p>&#8212; El haber \u00fanico no aplicar\u00e1 para los magistrados que ya est\u00e1n en funciones sino para los que los sustituyan Yasm\u00edn Garc\u00eda El Congreso local aprob\u00f3 el dictamen de reforma&hellip; <\/p>\n","protected":false},"author":32,"featured_media":78519,"comment_status":"open","ping_status":"open","sticky":false,"template":"","format":"standard","meta":{"fifu_image_url":"","fifu_image_alt":"","footnotes":""},"categories":[2],"tags":[],"class_list":["post-78518","post","type-post","status-publish","format-standard","has-post-thumbnail","hentry","category-congreso"],"_links":{"self":[{"href":"https:\/\/www.interaccionnoticias.com.mx\/index.php?rest_route=\/wp\/v2\/posts\/78518","targetHints":{"allow":["GET"]}}],"collection":[{"href":"https:\/\/www.interaccionnoticias.com.mx\/index.php?rest_route=\/wp\/v2\/posts"}],"about":[{"href":"https:\/\/www.interaccionnoticias.com.mx\/index.php?rest_route=\/wp\/v2\/types\/post"}],"author":[{"embeddable":true,"href":"https:\/\/www.interaccionnoticias.com.mx\/index.php?rest_route=\/wp\/v2\/users\/32"}],"replies":[{"embeddable":true,"href":"https:\/\/www.interaccionnoticias.com.mx\/index.php?rest_route=%2Fwp%2Fv2%2Fcomments&post=78518"}],"version-history":[{"count":1,"href":"https:\/\/www.interaccionnoticias.com.mx\/index.php?rest_route=\/wp\/v2\/posts\/78518\/revisions"}],"predecessor-version":[{"id":78520,"href":"https:\/\/www.interaccionnoticias.com.mx\/index.php?rest_route=\/wp\/v2\/posts\/78518\/revisions\/78520"}],"wp:featuredmedia":[{"embeddable":true,"href":"https:\/\/www.interaccionnoticias.com.mx\/index.php?rest_route=\/wp\/v2\/media\/78519"}],"wp:attachment":[{"href":"https:\/\/www.interaccionnoticias.com.mx\/index.php?rest_route=%2Fwp%2Fv2%2Fmedia&parent=78518"}],"wp:term":[{"taxonomy":"category","embeddable":true,"href":"https:\/\/www.interaccionnoticias.com.mx\/index.php?rest_route=%2Fwp%2Fv2%2Fcategories&post=78518"},{"taxonomy":"post_tag","embeddable":true,"href":"https:\/\/www.interaccionnoticias.com.mx\/index.php?rest_route=%2Fwp%2Fv2%2Ftags&post=78518"}],"curies":[{"name":"wp","href":"https:\/\/api.w.org\/{rel}","templated":true}]}}