{"id":78515,"date":"2024-06-11T18:31:00","date_gmt":"2024-06-11T23:31:00","guid":{"rendered":"https:\/\/www.interaccionnoticias.com.mx\/?p=78515"},"modified":"2024-06-11T23:50:53","modified_gmt":"2024-06-12T04:50:53","slug":"diputado-local-de-morena-niega-que-haya-dejado-solo-a-jorge-salgado-parra-quien-impugno-la-eleccion-municipal-de-chilpancingo","status":"publish","type":"post","link":"https:\/\/www.interaccionnoticias.com.mx\/?p=78515","title":{"rendered":"Diputado local de MORENA niega que haya dejado solo a Jorge Salgado Parra, quien impugn\u00f3 la elecci\u00f3n municipal de Chilpancingo"},"content":{"rendered":"\n<p><em><strong>&#8212; Osbaldo R\u00edos Manrique niega que al reasumir su curul, d\u00e9 por consumado el triunfo electoral de Alejandro Arcos Catal\u00e1n, postulado por PRI-PAN y PRD<br>&#8212; La impugnaci\u00f3n sigue su curso, asegura el representante popular<\/strong><\/em><\/p>\n\n\n\n<p><strong>Yasm\u00edn Garc\u00eda<\/strong><\/p>\n\n\n\n<p>El diputado local por MORENA y ex candidato a s\u00edndico en Chilpancingo, Osbaldo R\u00edos Manrique neg\u00f3 que al regresar a su curul haya dejado solo al doctor en Derecho Jorge Salgado Parra, quien este lunes impugn\u00f3 la elecci\u00f3n de ayuntamientos en la capital del estado, donde el opositor Alejandro Arcos Catal\u00e1n ya recibi\u00f3 la constancia de mayor\u00eda por el \u00f3rgano electoral local.<\/p>\n\n\n\n<p>R\u00edos Manrique rechaz\u00f3 adem\u00e1s, que al reincorporarse d\u00e9 por hecho el triunfo de la calici\u00f3n PRI-PAN-PRD y que desestime la posibilidad de que la impugnaci\u00f3n vaya a prosperar en los tribunales.<\/p>\n\n\n\n<p>\u201cEs un tema m\u00e1s que nada legislativo, la ley nos permite regresar porque no podemos renunciar\u201d, sostuvo el representante del distrito local 02.<\/p>\n\n\n\n<p>Aunque R\u00edos se present\u00f3 a sesionar este martes 11 de junio, su solicitud de incorporaci\u00f3n a la 73 fue aprobada por el pleno en la sesi\u00f3n pasada, dos d\u00edas despu\u00e9s de la jornada comicial.<\/p>\n\n\n\n<p>Record\u00f3 que su suplente, Claudio Ventura Comonfort falleci\u00f3 hace ya casi un mes, de tal manera que la curul estaba ac\u00e9fala.<\/p>\n\n\n\n<p>R\u00edos Manrique solicit\u00f3 permiso a la Mesa Directiva el 28 de febrero para que a partir del 3 de marzo del a\u00f1o en curso se separar\u00e1 del cargo por tiempo indefinido con la finalidad de postularse a un cargo de elecci\u00f3n popular, cabe se\u00f1alar que tambi\u00e9n fue aspirante a candidato a presidente municipal de Chilpancingo por Morena.<\/p>\n\n\n\n<p>Explic\u00f3 que la impugnaci\u00f3n de la elecci\u00f3n en Chilpancingo fue presentada por Jorge Salgado Parra con su equipo jur\u00eddico, por lo que esta sigue su curso.<\/p>\n\n\n\n<p>\u201cSe gan\u00f3 la capital la diferencia est\u00e1 en los pueblos s\u00ed checan la estad\u00edstica El Valle, las comunidades deciden la elecci\u00f3n aqu\u00ed en Chilpancingo las comunidades siempre van de manera unida\u201d, anot\u00f3.<\/p>\n\n\n\n<p>El Congreso local aprob\u00f3 tambi\u00e9n la solicitud de Jessica Alejo Rayo, quien al igual que R\u00edos Mnarique, era candidata a s\u00edndica en la planilla que encabez\u00f3 Jorge Salgado, pero ya est\u00e1 de regreso en su curul.<\/p>\n","protected":false},"excerpt":{"rendered":"<p>&#8212; Osbaldo R\u00edos Manrique niega que al reasumir su curul, d\u00e9 por consumado el triunfo electoral de Alejandro Arcos Catal\u00e1n, postulado por PRI-PAN y PRD&#8212; La impugnaci\u00f3n sigue su curso,&hellip; <\/p>\n","protected":false},"author":32,"featured_media":78516,"comment_status":"open","ping_status":"open","sticky":false,"template":"","format":"standard","meta":{"fifu_image_url":"","fifu_image_alt":"","footnotes":""},"categories":[21],"tags":[],"class_list":["post-78515","post","type-post","status-publish","format-standard","has-post-thumbnail","hentry","category-politica"],"_links":{"self":[{"href":"https:\/\/www.interaccionnoticias.com.mx\/index.php?rest_route=\/wp\/v2\/posts\/78515","targetHints":{"allow":["GET"]}}],"collection":[{"href":"https:\/\/www.interaccionnoticias.com.mx\/index.php?rest_route=\/wp\/v2\/posts"}],"about":[{"href":"https:\/\/www.interaccionnoticias.com.mx\/index.php?rest_route=\/wp\/v2\/types\/post"}],"author":[{"embeddable":true,"href":"https:\/\/www.interaccionnoticias.com.mx\/index.php?rest_route=\/wp\/v2\/users\/32"}],"replies":[{"embeddable":true,"href":"https:\/\/www.interaccionnoticias.com.mx\/index.php?rest_route=%2Fwp%2Fv2%2Fcomments&post=78515"}],"version-history":[{"count":1,"href":"https:\/\/www.interaccionnoticias.com.mx\/index.php?rest_route=\/wp\/v2\/posts\/78515\/revisions"}],"predecessor-version":[{"id":78517,"href":"https:\/\/www.interaccionnoticias.com.mx\/index.php?rest_route=\/wp\/v2\/posts\/78515\/revisions\/78517"}],"wp:featuredmedia":[{"embeddable":true,"href":"https:\/\/www.interaccionnoticias.com.mx\/index.php?rest_route=\/wp\/v2\/media\/78516"}],"wp:attachment":[{"href":"https:\/\/www.interaccionnoticias.com.mx\/index.php?rest_route=%2Fwp%2Fv2%2Fmedia&parent=78515"}],"wp:term":[{"taxonomy":"category","embeddable":true,"href":"https:\/\/www.interaccionnoticias.com.mx\/index.php?rest_route=%2Fwp%2Fv2%2Fcategories&post=78515"},{"taxonomy":"post_tag","embeddable":true,"href":"https:\/\/www.interaccionnoticias.com.mx\/index.php?rest_route=%2Fwp%2Fv2%2Ftags&post=78515"}],"curies":[{"name":"wp","href":"https:\/\/api.w.org\/{rel}","templated":true}]}}