{"id":78410,"date":"2024-06-07T19:14:00","date_gmt":"2024-06-08T00:14:00","guid":{"rendered":"https:\/\/www.interaccionnoticias.com.mx\/?p=78410"},"modified":"2024-06-08T00:01:12","modified_gmt":"2024-06-08T05:01:12","slug":"pide-jorge-salgado-que-se-investigue-la-intervencion-de-fuerzas-ajenas-a-la-politica-en-la-eleccion-de-chilpancingo","status":"publish","type":"post","link":"https:\/\/www.interaccionnoticias.com.mx\/?p=78410","title":{"rendered":"Pide Jorge Salgado que se investigue la intervenci\u00f3n de \u201cfuerzas ajenas a la pol\u00edtica\u201d en la elecci\u00f3n de Chilpancingo"},"content":{"rendered":"\n<p><strong><em>&#8212; La impugnaci\u00f3n llegar\u00e1 hasta la \u00faltima instancia, anticipa<br>&#8212; \u201cPor el momento no reconozco ning\u00fan triunfo\u201d, sostiene el ex diputado local<\/em><\/strong><\/p>\n\n\n\n<p><strong>Rogelio Agust\u00edn<\/strong><\/p>\n\n\n\n<p>El candidato de la coalici\u00f3n MORENA-PT-PVEM a la alcald\u00eda de Chilpancingo, Jorge Salgado Parra sostuvo que ir\u00e1 hasta la \u00faltima instancia en la impugnaci\u00f3n de los resultados que le dan el triunfo a su oponente de la alianza PRD-PRI-PAN, Alejandro Arcos Catal\u00e1n, pero adem\u00e1s, sugiri\u00f3 que las autoridades federales investiguen la intervenci\u00f3n en la contienda de fuerzas ajenas a la pol\u00edtica.<\/p>\n\n\n\n<p>V\u00eda telef\u00f3nica, el doctor en Derecho explic\u00f3 que en cuatro d\u00edas presentar\u00e1 la impugnaci\u00f3n de la elecci\u00f3n correspondiente a Chilpancingo, porque est\u00e1 convencido de que la diferencia de mil 700 votos es completamente reversible.<\/p>\n\n\n\n<p>Por esa raz\u00f3n, sostiene que en estos momentos no reconoce el triunfo de nadie.<\/p>\n\n\n\n<p>Agreg\u00f3 que de manera evidente, el equipo de Alejandro Arcos pretendi\u00f3 enga\u00f1ar a la poblaci\u00f3n, cuando hizo correr la versi\u00f3n de que la diferencia de votos hab\u00eda llegado hasta los 4 mil votos.<\/p>\n\n\n\n<p>En realidad, dijo que los mil 700 votos de ventaja representan el 1.2 porciento y por lo tanto, se puede revertir echando abajo algunas casillas.<\/p>\n\n\n\n<p>La convicci\u00f3n de poder echar abajo la elecci\u00f3n no es una conclusi\u00f3n personal, destac\u00f3 que se ha reunido con especialistas en el derecho electoral y consideran que el recurso de inconformidad es viable.<\/p>\n\n\n\n<p>Indic\u00f3: \u201cNosotros creemos que ganamos la elecci\u00f3n, independientemente de lo que se rumor\u00f3 alrededor de la misma, estamos muy tranquilos y analizando lo que jur\u00eddicamente procede.<\/p>\n\n\n\n<p>Aclar\u00f3 que de ninguna manera pretende generar confrontaci\u00f3n, pero reiter\u00f3 que la impugnaci\u00f3n est\u00e1 en la legislaci\u00f3n y con los elementos necesarios la constancia de mayor\u00eda se puede revertir.<\/p>\n\n\n\n<p>Pero adem\u00e1s anot\u00f3: \u201cEn realidad hubo muchas irregularidades, pero adem\u00e1s la intervenci\u00f3n de fuerzas que no son pol\u00edticas, todo mundo sabe que eso existi\u00f3\u201d.<\/p>\n\n\n\n<p>Aunque no abunda en detalles respecto a las \u201cfuerzas que no son pol\u00edticas\u201d, Salgado Parra asegura que \u201ca Chilpancingo lo que le conviene es que no existan pactos con personas que no deben de estar en temas de gobernabilidad, debe contar con personas que tengan un perfil de trabajar a favor de la ciudadan\u00eda\u201d.<\/p>\n\n\n\n<p>Indic\u00f3 que las autoridades del municipio, estado y federaci\u00f3n deben investigar hechos muy concretos, como la presi\u00f3n que el mi\u00e9rcoles y jueves de la semana que culmina se ejerci\u00f3 en el Consejo Distrital 02.<\/p>\n\n\n\n<p>\u201cMuchos vieron lo que sucedi\u00f3, las autoridades deben verificar qu\u00e9 es lo que est\u00e1 pasando\u201d, insiste.<\/p>\n\n\n\n<p>Advirti\u00f3 que la promoci\u00f3n del recurso no se limitar\u00e1 al Tribunal Electoral del Estado, seguramente llegar\u00e1 hasta el Tribunal Electoral del Poder Judicial de la Federaci\u00f3n (TEPJF) y se puede generar la resoluci\u00f3n hasta un d\u00eda antes de la toma de protesta, el pr\u00f3ximo 1 de septiembre.<\/p>\n\n\n\n<p>Por esa raz\u00f3n asume: \u201cEn estos momentos no reconozco el triunfo de nadie, tengo la oportunidad de ir a los tribunales y vamos a ejercer ese derecho\u201d.<\/p>\n","protected":false},"excerpt":{"rendered":"<p>&#8212; La impugnaci\u00f3n llegar\u00e1 hasta la \u00faltima instancia, anticipa&#8212; \u201cPor el momento no reconozco ning\u00fan triunfo\u201d, sostiene el ex diputado local Rogelio Agust\u00edn El candidato de la coalici\u00f3n MORENA-PT-PVEM a&hellip; <\/p>\n","protected":false},"author":21,"featured_media":78380,"comment_status":"open","ping_status":"open","sticky":false,"template":"","format":"standard","meta":{"fifu_image_url":"","fifu_image_alt":"","footnotes":""},"categories":[21],"tags":[],"class_list":["post-78410","post","type-post","status-publish","format-standard","has-post-thumbnail","hentry","category-politica"],"_links":{"self":[{"href":"https:\/\/www.interaccionnoticias.com.mx\/index.php?rest_route=\/wp\/v2\/posts\/78410","targetHints":{"allow":["GET"]}}],"collection":[{"href":"https:\/\/www.interaccionnoticias.com.mx\/index.php?rest_route=\/wp\/v2\/posts"}],"about":[{"href":"https:\/\/www.interaccionnoticias.com.mx\/index.php?rest_route=\/wp\/v2\/types\/post"}],"author":[{"embeddable":true,"href":"https:\/\/www.interaccionnoticias.com.mx\/index.php?rest_route=\/wp\/v2\/users\/21"}],"replies":[{"embeddable":true,"href":"https:\/\/www.interaccionnoticias.com.mx\/index.php?rest_route=%2Fwp%2Fv2%2Fcomments&post=78410"}],"version-history":[{"count":1,"href":"https:\/\/www.interaccionnoticias.com.mx\/index.php?rest_route=\/wp\/v2\/posts\/78410\/revisions"}],"predecessor-version":[{"id":78411,"href":"https:\/\/www.interaccionnoticias.com.mx\/index.php?rest_route=\/wp\/v2\/posts\/78410\/revisions\/78411"}],"wp:featuredmedia":[{"embeddable":true,"href":"https:\/\/www.interaccionnoticias.com.mx\/index.php?rest_route=\/wp\/v2\/media\/78380"}],"wp:attachment":[{"href":"https:\/\/www.interaccionnoticias.com.mx\/index.php?rest_route=%2Fwp%2Fv2%2Fmedia&parent=78410"}],"wp:term":[{"taxonomy":"category","embeddable":true,"href":"https:\/\/www.interaccionnoticias.com.mx\/index.php?rest_route=%2Fwp%2Fv2%2Fcategories&post=78410"},{"taxonomy":"post_tag","embeddable":true,"href":"https:\/\/www.interaccionnoticias.com.mx\/index.php?rest_route=%2Fwp%2Fv2%2Ftags&post=78410"}],"curies":[{"name":"wp","href":"https:\/\/api.w.org\/{rel}","templated":true}]}}