{"id":78406,"date":"2024-06-07T17:35:00","date_gmt":"2024-06-07T22:35:00","guid":{"rendered":"https:\/\/www.interaccionnoticias.com.mx\/?p=78406"},"modified":"2024-06-07T23:50:56","modified_gmt":"2024-06-08T04:50:56","slug":"periodistas-y-fotoreporteros-conmemoran-el-dia-de-la-libertad-de-expresion","status":"publish","type":"post","link":"https:\/\/www.interaccionnoticias.com.mx\/?p=78406","title":{"rendered":"Periodistas y fotoreporteros conmemoran el d\u00eda de la libertad de expresi\u00f3n"},"content":{"rendered":"\n<p><em><strong>&#8212; Demandaron a la gobernadora Evelyn Salgado Pineda convocar a conferencias de prensa donde los periodistas le puedan cuestionar sobre hechos que suceden en la entidad<\/strong><\/em><\/p>\n\n\n\n<p><strong>Yasm\u00edn Garc\u00eda<\/strong><\/p>\n\n\n\n<p>Periodistas y fotoreporteros conmemoraron el D\u00eda de la Libertad de expresi\u00f3n en la plazuela de la libertad en el centro de Chilpancingo.<\/p>\n\n\n\n<p>En su mensaje, el periodista Sergio Ocampo Arista recalc\u00f3 que en tres a\u00f1os que lleva el actual gobierno de Guerrero que encabeza la morenista Evelyn Salgado Pineda no existe trato democr\u00e1tico con la prensa, porque a pesar de que s\u00ed existe libertad expresi\u00f3n la gobernadora no convoca a conferencias de prensa donde los periodistas le puedan cuestionar sobre hechos que suceden en la entidad.<\/p>\n\n\n\n<p>Adem\u00e1s de que el gobierno del estado sigue con la misma pol\u00edtica de gobiernos anteriores, donde los convenios de publicidad con los medios se asignan sin transparencia.<\/p>\n\n\n\n<p>En ese sentido pidi\u00f3 a los diputados locales legislar en la materia para que los montos de los convenios publicitarios que otorga el gobierno estatal a los medios un 40 por ciento sea destinado directamente a salarios de los reporteros.<\/p>\n\n\n\n<p>\u00abQue esos recursos sirvan para programas de vivienda para los periodistas, porque no es posible que algunos periodistas de Guerrero sigan cobrando 40 pesos por nota informativa de parte de los due\u00f1os de los medios\u00bb, recrimin\u00f3.<\/p>\n\n\n\n<p>El periodista Abel Miranda, quien tambi\u00e9n es secretario de la delegaci\u00f3n 17 del Sindicato Nacional de Redactores de la Prensa (SNRP), afirm\u00f3 que Guerrero es un estado donde los periodistas han aprendido a convivir con la violencia, y recientemente hay varios periodistas que han sido desplazados, o se ha atentado contra los reporteros.<\/p>\n\n\n\n<p>Demand\u00f3 esclarecimiento en cr\u00edmenes y ataques a periodistas, indicando que en Guerrero cada d\u00eda se registran m\u00e1s zonas silenciadas donde ya no existen medios de comunicaci\u00f3n y los periodistas dif\u00edcilmente pueden ejercer la labor, lo que calific\u00f3 como peligroso.<\/p>\n\n\n\n<p>El director general de Comunicaci\u00f3n Social del gobierno del estado, Ren\u00e9 Posselt Aguirre se\u00f1al\u00f3 que el gobierno de Guerrero respetar\u00e1 el derecho de libertad de la prensa y, que siempre estar\u00e1 atento al llamado de los periodistas.<\/p>\n\n\n\n<p>En el acto se record\u00f3 a los periodistas de esta ciudad, Jorge Rend\u00f3n y Juan Cervantes G\u00f3mez quienes fallecieron en d\u00edas pasados y se guardo un minuto de silencio.<\/p>\n\n\n\n<div class=\"wp-block-jetpack-slideshow aligncenter\" data-effect=\"slide\"><div class=\"wp-block-jetpack-slideshow_container swiper-container\"><ul class=\"wp-block-jetpack-slideshow_swiper-wrapper swiper-wrapper\"><li class=\"wp-block-jetpack-slideshow_slide swiper-slide\"><figure><img decoding=\"async\" src=\"data:image\/gif;base64,R0lGODlhAQABAIAAAAAAAP\/\/\/ywAAAAAAQABAAACAUwAOw==\" fifu-lazy=\"1\" fifu-data-sizes=\"auto\" fifu-data-srcset=\"https:\/\/i0.wp.com\/www.interaccionnoticias.com.mx\/wp-content\/uploads\/2024\/06\/240607-libertad-de-expresion-1024x683.jpg?ssl=1&w=75&resize=75&ssl=1 75w, https:\/\/i0.wp.com\/www.interaccionnoticias.com.mx\/wp-content\/uploads\/2024\/06\/240607-libertad-de-expresion-1024x683.jpg?ssl=1&w=100&resize=100&ssl=1 100w, https:\/\/i0.wp.com\/www.interaccionnoticias.com.mx\/wp-content\/uploads\/2024\/06\/240607-libertad-de-expresion-1024x683.jpg?ssl=1&w=150&resize=150&ssl=1 150w, https:\/\/i0.wp.com\/www.interaccionnoticias.com.mx\/wp-content\/uploads\/2024\/06\/240607-libertad-de-expresion-1024x683.jpg?ssl=1&w=240&resize=240&ssl=1 240w, https:\/\/i0.wp.com\/www.interaccionnoticias.com.mx\/wp-content\/uploads\/2024\/06\/240607-libertad-de-expresion-1024x683.jpg?ssl=1&w=320&resize=320&ssl=1 320w, https:\/\/i0.wp.com\/www.interaccionnoticias.com.mx\/wp-content\/uploads\/2024\/06\/240607-libertad-de-expresion-1024x683.jpg?ssl=1&w=500&resize=500&ssl=1 500w, https:\/\/i0.wp.com\/www.interaccionnoticias.com.mx\/wp-content\/uploads\/2024\/06\/240607-libertad-de-expresion-1024x683.jpg?ssl=1&w=640&resize=640&ssl=1 640w, https:\/\/i0.wp.com\/www.interaccionnoticias.com.mx\/wp-content\/uploads\/2024\/06\/240607-libertad-de-expresion-1024x683.jpg?ssl=1&w=800&resize=800&ssl=1 800w, https:\/\/i0.wp.com\/www.interaccionnoticias.com.mx\/wp-content\/uploads\/2024\/06\/240607-libertad-de-expresion-1024x683.jpg?ssl=1&w=1024&resize=1024&ssl=1 1024w, https:\/\/i0.wp.com\/www.interaccionnoticias.com.mx\/wp-content\/uploads\/2024\/06\/240607-libertad-de-expresion-1024x683.jpg?ssl=1&w=1280&resize=1280&ssl=1 1280w, https:\/\/i0.wp.com\/www.interaccionnoticias.com.mx\/wp-content\/uploads\/2024\/06\/240607-libertad-de-expresion-1024x683.jpg?ssl=1&w=1600&resize=1600&ssl=1 1600w\" alt=\"\" class=\"wp-block-jetpack-slideshow_image wp-image-78383\" data-id=\"78383\" fifu-data-src=\"https:\/\/i0.wp.com\/www.interaccionnoticias.com.mx\/wp-content\/uploads\/2024\/06\/240607-libertad-de-expresion-1024x683.jpg?ssl=1\"\/><\/figure><\/li><li class=\"wp-block-jetpack-slideshow_slide swiper-slide\"><figure><img decoding=\"async\" src=\"data:image\/gif;base64,R0lGODlhAQABAIAAAAAAAP\/\/\/ywAAAAAAQABAAACAUwAOw==\" fifu-lazy=\"1\" fifu-data-sizes=\"auto\" fifu-data-srcset=\"https:\/\/i3.wp.com\/www.interaccionnoticias.com.mx\/wp-content\/uploads\/2024\/06\/240607-libertad-de-expresion-1-1024x683.jpg?ssl=1&w=75&resize=75&ssl=1 75w, https:\/\/i3.wp.com\/www.interaccionnoticias.com.mx\/wp-content\/uploads\/2024\/06\/240607-libertad-de-expresion-1-1024x683.jpg?ssl=1&w=100&resize=100&ssl=1 100w, https:\/\/i3.wp.com\/www.interaccionnoticias.com.mx\/wp-content\/uploads\/2024\/06\/240607-libertad-de-expresion-1-1024x683.jpg?ssl=1&w=150&resize=150&ssl=1 150w, https:\/\/i3.wp.com\/www.interaccionnoticias.com.mx\/wp-content\/uploads\/2024\/06\/240607-libertad-de-expresion-1-1024x683.jpg?ssl=1&w=240&resize=240&ssl=1 240w, https:\/\/i3.wp.com\/www.interaccionnoticias.com.mx\/wp-content\/uploads\/2024\/06\/240607-libertad-de-expresion-1-1024x683.jpg?ssl=1&w=320&resize=320&ssl=1 320w, https:\/\/i3.wp.com\/www.interaccionnoticias.com.mx\/wp-content\/uploads\/2024\/06\/240607-libertad-de-expresion-1-1024x683.jpg?ssl=1&w=500&resize=500&ssl=1 500w, https:\/\/i3.wp.com\/www.interaccionnoticias.com.mx\/wp-content\/uploads\/2024\/06\/240607-libertad-de-expresion-1-1024x683.jpg?ssl=1&w=640&resize=640&ssl=1 640w, https:\/\/i3.wp.com\/www.interaccionnoticias.com.mx\/wp-content\/uploads\/2024\/06\/240607-libertad-de-expresion-1-1024x683.jpg?ssl=1&w=800&resize=800&ssl=1 800w, https:\/\/i3.wp.com\/www.interaccionnoticias.com.mx\/wp-content\/uploads\/2024\/06\/240607-libertad-de-expresion-1-1024x683.jpg?ssl=1&w=1024&resize=1024&ssl=1 1024w, https:\/\/i3.wp.com\/www.interaccionnoticias.com.mx\/wp-content\/uploads\/2024\/06\/240607-libertad-de-expresion-1-1024x683.jpg?ssl=1&w=1280&resize=1280&ssl=1 1280w, https:\/\/i3.wp.com\/www.interaccionnoticias.com.mx\/wp-content\/uploads\/2024\/06\/240607-libertad-de-expresion-1-1024x683.jpg?ssl=1&w=1600&resize=1600&ssl=1 1600w\" alt=\"\" class=\"wp-block-jetpack-slideshow_image wp-image-78382\" data-id=\"78382\" fifu-data-src=\"https:\/\/i3.wp.com\/www.interaccionnoticias.com.mx\/wp-content\/uploads\/2024\/06\/240607-libertad-de-expresion-1-1024x683.jpg?ssl=1\"\/><\/figure><\/li><\/ul><a class=\"wp-block-jetpack-slideshow_button-prev swiper-button-prev swiper-button-white\" role=\"button\"><\/a><a class=\"wp-block-jetpack-slideshow_button-next swiper-button-next swiper-button-white\" role=\"button\"><\/a><a aria-label=\"Pause Slideshow\" class=\"wp-block-jetpack-slideshow_button-pause\" role=\"button\"><\/a><div class=\"wp-block-jetpack-slideshow_pagination swiper-pagination swiper-pagination-white\"><\/div><\/div><\/div>\n","protected":false},"excerpt":{"rendered":"<p>&#8212; Demandaron a la gobernadora Evelyn Salgado Pineda convocar a conferencias de prensa donde los periodistas le puedan cuestionar sobre hechos que suceden en la entidad Yasm\u00edn Garc\u00eda Periodistas y&hellip; <\/p>\n","protected":false},"author":32,"featured_media":78382,"comment_status":"open","ping_status":"open","sticky":false,"template":"","format":"standard","meta":{"fifu_image_url":"","fifu_image_alt":"","footnotes":""},"categories":[29],"tags":[],"class_list":["post-78406","post","type-post","status-publish","format-standard","has-post-thumbnail","hentry","category-sociedad"],"_links":{"self":[{"href":"https:\/\/www.interaccionnoticias.com.mx\/index.php?rest_route=\/wp\/v2\/posts\/78406","targetHints":{"allow":["GET"]}}],"collection":[{"href":"https:\/\/www.interaccionnoticias.com.mx\/index.php?rest_route=\/wp\/v2\/posts"}],"about":[{"href":"https:\/\/www.interaccionnoticias.com.mx\/index.php?rest_route=\/wp\/v2\/types\/post"}],"author":[{"embeddable":true,"href":"https:\/\/www.interaccionnoticias.com.mx\/index.php?rest_route=\/wp\/v2\/users\/32"}],"replies":[{"embeddable":true,"href":"https:\/\/www.interaccionnoticias.com.mx\/index.php?rest_route=%2Fwp%2Fv2%2Fcomments&post=78406"}],"version-history":[{"count":1,"href":"https:\/\/www.interaccionnoticias.com.mx\/index.php?rest_route=\/wp\/v2\/posts\/78406\/revisions"}],"predecessor-version":[{"id":78407,"href":"https:\/\/www.interaccionnoticias.com.mx\/index.php?rest_route=\/wp\/v2\/posts\/78406\/revisions\/78407"}],"wp:featuredmedia":[{"embeddable":true,"href":"https:\/\/www.interaccionnoticias.com.mx\/index.php?rest_route=\/wp\/v2\/media\/78382"}],"wp:attachment":[{"href":"https:\/\/www.interaccionnoticias.com.mx\/index.php?rest_route=%2Fwp%2Fv2%2Fmedia&parent=78406"}],"wp:term":[{"taxonomy":"category","embeddable":true,"href":"https:\/\/www.interaccionnoticias.com.mx\/index.php?rest_route=%2Fwp%2Fv2%2Fcategories&post=78406"},{"taxonomy":"post_tag","embeddable":true,"href":"https:\/\/www.interaccionnoticias.com.mx\/index.php?rest_route=%2Fwp%2Fv2%2Ftags&post=78406"}],"curies":[{"name":"wp","href":"https:\/\/api.w.org\/{rel}","templated":true}]}}