{"id":78402,"date":"2024-06-07T17:03:00","date_gmt":"2024-06-07T22:03:00","guid":{"rendered":"https:\/\/www.interaccionnoticias.com.mx\/?p=78402"},"modified":"2024-06-07T23:36:10","modified_gmt":"2024-06-08T04:36:10","slug":"seguros-de-vida-y-terrenos-en-el-panteon-ofrece-la-alcaldesa-de-chilpancingo-a-comunicadores","status":"publish","type":"post","link":"https:\/\/www.interaccionnoticias.com.mx\/?p=78402","title":{"rendered":"Seguros de vida y terrenos en el pante\u00f3n, ofrece la alcaldesa de Chilpancingo a comunicadores"},"content":{"rendered":"\n<p><strong><em>&#8212; En el marco del D\u00eda de la Libertad de Expresi\u00f3n<br>&#8212; \u201cSoy comunic\u00f3loga de profesi\u00f3n y s\u00e9 de las necesidades, de la precariedad que padecen los trabajadores de los medios de comunicaci\u00f3n\u00bb, se\u00f1al\u00f3 Norma Otilia Hern\u00e1ndez<\/em><\/strong><\/p>\n\n\n\n<p><strong>Yasm\u00edn Garc\u00eda<\/strong><\/p>\n\n\n\n<p>En el marco de los festejos del D\u00eda de la Libertad de Expresi\u00f3n, La alcaldesa Norma Otilia Hern\u00e1ndez Mart\u00ednez ofreci\u00f3 seguros de vida por 200 mil pesos y diez predios en un pante\u00f3n de la ciudad.<\/p>\n\n\n\n<p>La jefa de cabildo capitalino reconoci\u00f3 a los trabajadores de los medios, reporteros, camar\u00f3grafos, jefes de informaci\u00f3n y columnistas como un sector muy comprometido, pero que se desempe\u00f1a en un contexto de precariedad, por los bajos salarios que se perciben.<\/p>\n\n\n\n<p>Es el \u00faltimo festejo de la libertad de expresi\u00f3n que Otilia Hern\u00e1ndez encabeza como alcaldesa.<\/p>\n\n\n\n<p>En el mensaje dirigido a los comunicadores de la ciudad, asegur\u00f3 que fue respetuosa de las cr\u00edticas que vert\u00eda cada comunicador en los diferentes medios, ya que le hac\u00edan ver lo que estaba realizando mal en su administraci\u00f3n.<\/p>\n\n\n\n<p>\u201cAgradezco las cr\u00edticas que cada uno hac\u00eda en su medio de comunicaci\u00f3n con su pluma, les agradezco, porque me hicieron saber lo que estamos haciendo mal y cambiarlo, s\u00e9 que es una de las profesiones m\u00e1s peligrosas, porque a algunos no les puede gustar lo que escribieron o la foto que tomaron\u201d, admiti\u00f3.<\/p>\n\n\n\n<p>Por esa raz\u00f3n, ofreci\u00f3 afiliar a los comunicadores que as\u00ed lo quieran, afiliarse a un seguro de vida ser\u00e1 para quienes realicen el tr\u00e1mite en el palacio municipal y cumplan con los requerimientos.<\/p>\n\n\n\n<p>El monto considerado de dicho seguro de vida es de 200 mil pesos.<\/p>\n\n\n\n<p>Tambi\u00e9n dijo que donar\u00e1 diez terrenos en un pante\u00f3n nuevo de la ciudad, para su manejo, se nombrar\u00e1 una comisi\u00f3n que ser\u00e1 la encargada de representar al gremio period\u00edstico y har\u00e1n uso de ellos en caso de requerirse.<\/p>\n\n\n\n<p>\u201cSoy comunic\u00f3loga de profesi\u00f3n, s\u00e9 de las necesidades, de la precariedad en que desarrollan sus actividades profesionales los trabajadores de los medios de comunicaci\u00f3n\u201d, puntualiz\u00f3.<\/p>\n\n\n\n<p>En el festejo hubo rifa de regalos, entre aparatos electrodom\u00e9sticos y tres motonetas, mismas que ser\u00e1n entregadas a los ganadores el pr\u00f3ximo lunes en la conferencia matutina de la presidenta municipal.<\/p>\n","protected":false},"excerpt":{"rendered":"<p>&#8212; En el marco del D\u00eda de la Libertad de Expresi\u00f3n&#8212; \u201cSoy comunic\u00f3loga de profesi\u00f3n y s\u00e9 de las necesidades, de la precariedad que padecen los trabajadores de los medios&hellip; <\/p>\n","protected":false},"author":32,"featured_media":78386,"comment_status":"open","ping_status":"open","sticky":false,"template":"","format":"standard","meta":{"fifu_image_url":"","fifu_image_alt":"","footnotes":""},"categories":[13],"tags":[],"class_list":["post-78402","post","type-post","status-publish","format-standard","has-post-thumbnail","hentry","category-capital"],"_links":{"self":[{"href":"https:\/\/www.interaccionnoticias.com.mx\/index.php?rest_route=\/wp\/v2\/posts\/78402","targetHints":{"allow":["GET"]}}],"collection":[{"href":"https:\/\/www.interaccionnoticias.com.mx\/index.php?rest_route=\/wp\/v2\/posts"}],"about":[{"href":"https:\/\/www.interaccionnoticias.com.mx\/index.php?rest_route=\/wp\/v2\/types\/post"}],"author":[{"embeddable":true,"href":"https:\/\/www.interaccionnoticias.com.mx\/index.php?rest_route=\/wp\/v2\/users\/32"}],"replies":[{"embeddable":true,"href":"https:\/\/www.interaccionnoticias.com.mx\/index.php?rest_route=%2Fwp%2Fv2%2Fcomments&post=78402"}],"version-history":[{"count":1,"href":"https:\/\/www.interaccionnoticias.com.mx\/index.php?rest_route=\/wp\/v2\/posts\/78402\/revisions"}],"predecessor-version":[{"id":78403,"href":"https:\/\/www.interaccionnoticias.com.mx\/index.php?rest_route=\/wp\/v2\/posts\/78402\/revisions\/78403"}],"wp:featuredmedia":[{"embeddable":true,"href":"https:\/\/www.interaccionnoticias.com.mx\/index.php?rest_route=\/wp\/v2\/media\/78386"}],"wp:attachment":[{"href":"https:\/\/www.interaccionnoticias.com.mx\/index.php?rest_route=%2Fwp%2Fv2%2Fmedia&parent=78402"}],"wp:term":[{"taxonomy":"category","embeddable":true,"href":"https:\/\/www.interaccionnoticias.com.mx\/index.php?rest_route=%2Fwp%2Fv2%2Fcategories&post=78402"},{"taxonomy":"post_tag","embeddable":true,"href":"https:\/\/www.interaccionnoticias.com.mx\/index.php?rest_route=%2Fwp%2Fv2%2Ftags&post=78402"}],"curies":[{"name":"wp","href":"https:\/\/api.w.org\/{rel}","templated":true}]}}