{"id":7840,"date":"2017-09-06T19:51:42","date_gmt":"2017-09-07T00:51:42","guid":{"rendered":"http:\/\/www.inter-accion.com.mx\/?p=7840"},"modified":"2017-09-06T19:51:42","modified_gmt":"2017-09-07T00:51:42","slug":"por-conflictos-agrarios-al-menos-5-mil-campesinos-permanecen-incomunicados","status":"publish","type":"post","link":"https:\/\/www.interaccionnoticias.com.mx\/?p=7840","title":{"rendered":"Por conflictos agrarios, al menos 5 mil campesinos permanecen incomunicados"},"content":{"rendered":"<p><br \/>\nA partir de la permanencia de conflictos agrarios con sus vecinos, al menos 5 mil campesinos est\u00e1n incomunicados desde hace varios meses en San Miguel Tecuisiapan, en el municipio de Tepecocuilco.<br \/>\nRaymundo Castro Aparicio, abogado del Frente de Ejidos y Comunidades con Conflictos Agrarios, manifest\u00f3 que ante la no resoluci\u00f3n del conflicto que enfrentan por la posesi\u00f3n de 3 mil hect\u00e1reas de tierra, no tienen forma de salir de su pueblo hacia la cabecera municipal, ya que sus dos vecinos, San Francisco y San Agust\u00edn Huapan les cortaron los caminos para impedirles salir con veh\u00edculo.<br \/>\nMientras el grupo que acompa\u00f1\u00f3 a Castro Aparicio se plant\u00f3 frente a la delegaci\u00f3n de la Secretaria de Agricultura, Ganader\u00eda Pesca y Alimentaci\u00f3n (Sagarpa), mientras otra parte se plant\u00f3 en la caseta de Paso Morelos de la Autopista del Sol, respaldados por habitantes de Copalillo y Huitzuco de los Figueroa.<br \/>\nLas acciones simult\u00e1neas ten\u00edan la intenci\u00f3n de forzar al gobierno federal para la instalaci\u00f3n de una mesa de trabajo con el gobierno estatal y la federaci\u00f3n, porque actualmente los pobladores de San Miguel no pueden salir para realizar compras o atender a sus enfermos.<br \/>\nComo no tienen forma de salir hacia Tepecoacuilco, los pobladores comenzaron a trabajar una brecha a pico y pala que les dar\u00eda salida hacia la Autopista del Sol, pero se toparon con cien metros de piedra que les impide culminar su trabajo.<br \/>\nEste mi\u00e9rcoles solicitaron que se les apoye con maquinaria pesada, para efecto de que rompan la \u00faltima barrera y puedan llegar hasta la carretera de cuatro carriles.<br \/>\nSi no hay sensibilidad, Castro Aparicio advirti\u00f3 que el movimiento tomar\u00e1 m\u00e1s fuerza.<\/p>\n","protected":false},"excerpt":{"rendered":"<p>A partir de la permanencia de conflictos agrarios con sus vecinos, al menos 5 mil campesinos est\u00e1n incomunicados desde hace varios meses en San Miguel Tecuisiapan, en el municipio de&hellip; <\/p>\n","protected":false},"author":1,"featured_media":0,"comment_status":"closed","ping_status":"closed","sticky":false,"template":"","format":"standard","meta":{"fifu_image_url":"","fifu_image_alt":"","footnotes":""},"categories":[8,15],"tags":[],"class_list":["post-7840","post","type-post","status-publish","format-standard","hentry","category-featured","category-movimientos-sociales"],"_links":{"self":[{"href":"https:\/\/www.interaccionnoticias.com.mx\/index.php?rest_route=\/wp\/v2\/posts\/7840","targetHints":{"allow":["GET"]}}],"collection":[{"href":"https:\/\/www.interaccionnoticias.com.mx\/index.php?rest_route=\/wp\/v2\/posts"}],"about":[{"href":"https:\/\/www.interaccionnoticias.com.mx\/index.php?rest_route=\/wp\/v2\/types\/post"}],"author":[{"embeddable":true,"href":"https:\/\/www.interaccionnoticias.com.mx\/index.php?rest_route=\/wp\/v2\/users\/1"}],"replies":[{"embeddable":true,"href":"https:\/\/www.interaccionnoticias.com.mx\/index.php?rest_route=%2Fwp%2Fv2%2Fcomments&post=7840"}],"version-history":[{"count":0,"href":"https:\/\/www.interaccionnoticias.com.mx\/index.php?rest_route=\/wp\/v2\/posts\/7840\/revisions"}],"wp:attachment":[{"href":"https:\/\/www.interaccionnoticias.com.mx\/index.php?rest_route=%2Fwp%2Fv2%2Fmedia&parent=7840"}],"wp:term":[{"taxonomy":"category","embeddable":true,"href":"https:\/\/www.interaccionnoticias.com.mx\/index.php?rest_route=%2Fwp%2Fv2%2Fcategories&post=7840"},{"taxonomy":"post_tag","embeddable":true,"href":"https:\/\/www.interaccionnoticias.com.mx\/index.php?rest_route=%2Fwp%2Fv2%2Ftags&post=7840"}],"curies":[{"name":"wp","href":"https:\/\/api.w.org\/{rel}","templated":true}]}}