{"id":7838,"date":"2017-09-06T19:45:56","date_gmt":"2017-09-07T00:45:56","guid":{"rendered":"http:\/\/www.inter-accion.com.mx\/?p=7838"},"modified":"2017-09-06T19:45:56","modified_gmt":"2017-09-07T00:45:56","slug":"solicitan-declaratoria-de-emergencia-para-23-municipios-de-guerrero","status":"publish","type":"post","link":"https:\/\/www.interaccionnoticias.com.mx\/?p=7838","title":{"rendered":"Solicitan Declaratoria de Emergencia para 23 municipios de Guerrero"},"content":{"rendered":"<p><strong>Hay m\u00e1s de 854 mil damnificados en tres regiones &nbsp;<\/strong><br \/>\nPor acuerdo del Consejo Estatal de Protecci\u00f3n Civil, el gobierno de Guerrero solicit\u00f3 al Gobierno de la Rep\u00fablica, que emita la Declaratoria de Emergencia para 23 municipios de esta entidad, principalmente en las regiones Norte, Centro y Tierra Caliente.<br \/>\nDe acuerdo con el&nbsp;documento enviado por el gobernador H\u00e9ctor Astudillo Flores a la Coordinaci\u00f3n Nacional de Protecci\u00f3n Civil, se indica que durante los pasados 2, 3 y 4 de Septiembre, las lluvias provocaron el desbordamiento de varios arroyos, generando da\u00f1os por inundaci\u00f3n en un importante n\u00famero de viviendas.<br \/>\nEn la solicitud se detalla&nbsp;la magnitud y caracter\u00edsticas de las necesidades urgentes a cubrir tras las lluvias de 72 horas que se presentaron en municipios altamente vulnerables, ubicados cerca de los R\u00edos Balsas y Mezcala.<br \/>\nSe trata de Eduardo Neri, M\u00e1rtir de Cuilapan, Jos\u00e9 Joaqu\u00edn de Herrera, Ahuacuotzingo, Atenango del R\u00edo, Tepecoacuilco de Trujano, Taxco de Alarc\u00f3n, Cuetzala del Progreso, Tetipac, Ajuchitl\u00e1n del Progreso, Arcelia, Coyuca de Catal\u00e1n, Pungarabato, Tlapehuala, Tlapa de Comonfort, Atlixtac, Olinal\u00e1, Iliatenco, Acatepec, Metlat\u00f3noc, Ometepec, Tecpan de Galeana y Atoyac de \u00c1lvarez.<br \/>\nEn el escrito se&nbsp;planeta un registro de por lo menos&nbsp;&nbsp;854 mil 636 habitantes damnificados, que han sufrido la inundaci\u00f3n de viviendas, as\u00ed como la incomunicaci\u00f3n por el cierre de los caminos.<br \/>\nSe anota la necesidad de acceder a recursos del Fondo para la Atenci\u00f3n de Emergencias a cargo de la Secretar\u00eda de Gobernaci\u00f3n, con el objeto de cubrir a la brevedad, la capacidad operativa y financiera de los municipios, ya que se han visto superados por los da\u00f1os registrados.<br \/>\n&nbsp;<\/p>\n","protected":false},"excerpt":{"rendered":"<p>Hay m\u00e1s de 854 mil damnificados en tres regiones &nbsp; Por acuerdo del Consejo Estatal de Protecci\u00f3n Civil, el gobierno de Guerrero solicit\u00f3 al Gobierno de la Rep\u00fablica, que emita&hellip; <\/p>\n","protected":false},"author":1,"featured_media":0,"comment_status":"closed","ping_status":"closed","sticky":false,"template":"","format":"standard","meta":{"fifu_image_url":"","fifu_image_alt":"","footnotes":""},"categories":[8,11],"tags":[],"class_list":["post-7838","post","type-post","status-publish","format-standard","hentry","category-featured","category-guerrero"],"_links":{"self":[{"href":"https:\/\/www.interaccionnoticias.com.mx\/index.php?rest_route=\/wp\/v2\/posts\/7838","targetHints":{"allow":["GET"]}}],"collection":[{"href":"https:\/\/www.interaccionnoticias.com.mx\/index.php?rest_route=\/wp\/v2\/posts"}],"about":[{"href":"https:\/\/www.interaccionnoticias.com.mx\/index.php?rest_route=\/wp\/v2\/types\/post"}],"author":[{"embeddable":true,"href":"https:\/\/www.interaccionnoticias.com.mx\/index.php?rest_route=\/wp\/v2\/users\/1"}],"replies":[{"embeddable":true,"href":"https:\/\/www.interaccionnoticias.com.mx\/index.php?rest_route=%2Fwp%2Fv2%2Fcomments&post=7838"}],"version-history":[{"count":0,"href":"https:\/\/www.interaccionnoticias.com.mx\/index.php?rest_route=\/wp\/v2\/posts\/7838\/revisions"}],"wp:attachment":[{"href":"https:\/\/www.interaccionnoticias.com.mx\/index.php?rest_route=%2Fwp%2Fv2%2Fmedia&parent=7838"}],"wp:term":[{"taxonomy":"category","embeddable":true,"href":"https:\/\/www.interaccionnoticias.com.mx\/index.php?rest_route=%2Fwp%2Fv2%2Fcategories&post=7838"},{"taxonomy":"post_tag","embeddable":true,"href":"https:\/\/www.interaccionnoticias.com.mx\/index.php?rest_route=%2Fwp%2Fv2%2Ftags&post=7838"}],"curies":[{"name":"wp","href":"https:\/\/api.w.org\/{rel}","templated":true}]}}