{"id":78377,"date":"2024-06-07T14:41:03","date_gmt":"2024-06-07T19:41:03","guid":{"rendered":"https:\/\/www.interaccionnoticias.com.mx\/?p=78377"},"modified":"2024-06-07T14:41:06","modified_gmt":"2024-06-07T19:41:06","slug":"vinculan-a-proceso-a-complice-del-crimen-de-alfredo-cabrera","status":"publish","type":"post","link":"https:\/\/www.interaccionnoticias.com.mx\/?p=78377","title":{"rendered":"Vinculan a proceso a c\u00f3mplice del crimen de Alfredo Cabrera"},"content":{"rendered":"\n<p><em><strong>&#8212; Estar\u00e1 recluidos en el penal de Las Cruces en Acapulco<\/strong><\/em><\/p>\n\n\n\n<p><strong>Javier Trujillo<\/strong><\/p>\n\n\n\n<p><strong>Acapulco, Gro.- <\/strong>Esta madrugada vincularon a proceso Jannay \u201cN\u201d, uno de los dos presuntos responsables de homicidio calificado del candidato aliancista, Jos\u00e9 Alfredo Cabrera, asesinado el pasado 29 de mayo en poblado Las Lomas municipio de Coyuca de Ben\u00edtez.<\/p>\n\n\n\n<p>Ayer a las 16 horas se llev\u00f3 a cabo la audiencia y el juez dictamin\u00f3 la vinculaci\u00f3n a proceso, a las 04:00 horas la madrugada de este viernes Jannay \u201cN alias \u201cLa Rubia\u201d, qued\u00f3 formalmente detenido en el Centro Regional de Readaptaci\u00f3n Social (CERESO), penal estatal de Las Cruces en el puerto de Acapulco.<\/p>\n\n\n\n<p>El pasado seis de junio la Fiscal\u00eda General del Estado (FGE), a trav\u00e9s de la fiscal\u00eda especializada en delitos de homicidio present\u00f3 los datos y elementos de prueba contenidos en la Carpeta de Investigaci\u00f3n, y el juzgador tras analizarlos declar\u00f3 el auto de vinculaci\u00f3n a proceso, y dict\u00f3 la medida cautelar de prisi\u00f3n preventiva justificada en la c\u00e1rcel de Las Cruces.<\/p>\n\n\n\n<p>As\u00ed en seguimiento a las investigaciones por el delito de homicidio calificado cometido en agravio de Jos\u00e9 Alfredo, quien fuera candidato a la presidencia municipal de Coyuca de Ben\u00edtez por el PRI, PAN y PRD, la FGE \u00f1, logr\u00f3 la vinculaci\u00f3n a proceso de Jannay \u201cN\u201d, apodado \u201cLa Rubia\u201d.<\/p>\n\n\n\n<p>Las autoridades ministeriales, refieren que lo anterior es derivado de la carpeta de investigaci\u00f3n que se inici\u00f3 por los hechos registrados el 29 de mayo en esta localidad de la Costa Grande.<\/p>\n\n\n\n<p>Hasta el momento no se ha dado a conocer cu\u00e1les fueron las causas por la que se cometi\u00f3 el homicidio en contra el abanderado de la alianza PRI-PAN-PRD a la alcald\u00eda de Coyuca de Ben\u00edtez.<\/p>\n\n\n\n<p>Con relaci\u00f3n al segundo c\u00f3mplice al que se identific\u00f3 como \u201cAbel N\u201d, se desconoce cu\u00e1l es su situaci\u00f3n jur\u00eddica.<\/p>\n","protected":false},"excerpt":{"rendered":"<p>&#8212; Estar\u00e1 recluidos en el penal de Las Cruces en Acapulco Javier Trujillo Acapulco, Gro.- Esta madrugada vincularon a proceso Jannay \u201cN\u201d, uno de los dos presuntos responsables de homicidio&hellip; <\/p>\n","protected":false},"author":3,"featured_media":78378,"comment_status":"open","ping_status":"open","sticky":false,"template":"","format":"standard","meta":{"fifu_image_url":"","fifu_image_alt":"","footnotes":""},"categories":[27],"tags":[],"class_list":["post-78377","post","type-post","status-publish","format-standard","has-post-thumbnail","hentry","category-seguridad-publica"],"_links":{"self":[{"href":"https:\/\/www.interaccionnoticias.com.mx\/index.php?rest_route=\/wp\/v2\/posts\/78377","targetHints":{"allow":["GET"]}}],"collection":[{"href":"https:\/\/www.interaccionnoticias.com.mx\/index.php?rest_route=\/wp\/v2\/posts"}],"about":[{"href":"https:\/\/www.interaccionnoticias.com.mx\/index.php?rest_route=\/wp\/v2\/types\/post"}],"author":[{"embeddable":true,"href":"https:\/\/www.interaccionnoticias.com.mx\/index.php?rest_route=\/wp\/v2\/users\/3"}],"replies":[{"embeddable":true,"href":"https:\/\/www.interaccionnoticias.com.mx\/index.php?rest_route=%2Fwp%2Fv2%2Fcomments&post=78377"}],"version-history":[{"count":1,"href":"https:\/\/www.interaccionnoticias.com.mx\/index.php?rest_route=\/wp\/v2\/posts\/78377\/revisions"}],"predecessor-version":[{"id":78379,"href":"https:\/\/www.interaccionnoticias.com.mx\/index.php?rest_route=\/wp\/v2\/posts\/78377\/revisions\/78379"}],"wp:featuredmedia":[{"embeddable":true,"href":"https:\/\/www.interaccionnoticias.com.mx\/index.php?rest_route=\/wp\/v2\/media\/78378"}],"wp:attachment":[{"href":"https:\/\/www.interaccionnoticias.com.mx\/index.php?rest_route=%2Fwp%2Fv2%2Fmedia&parent=78377"}],"wp:term":[{"taxonomy":"category","embeddable":true,"href":"https:\/\/www.interaccionnoticias.com.mx\/index.php?rest_route=%2Fwp%2Fv2%2Fcategories&post=78377"},{"taxonomy":"post_tag","embeddable":true,"href":"https:\/\/www.interaccionnoticias.com.mx\/index.php?rest_route=%2Fwp%2Fv2%2Ftags&post=78377"}],"curies":[{"name":"wp","href":"https:\/\/api.w.org\/{rel}","templated":true}]}}