{"id":78365,"date":"2024-06-06T18:55:00","date_gmt":"2024-06-06T23:55:00","guid":{"rendered":"https:\/\/www.interaccionnoticias.com.mx\/?p=78365"},"modified":"2024-06-06T23:42:39","modified_gmt":"2024-06-07T04:42:39","slug":"guerrero-esta-libre-de-conflictos-postelectorales-sostiene-el-gobierno-del-estado","status":"publish","type":"post","link":"https:\/\/www.interaccionnoticias.com.mx\/?p=78365","title":{"rendered":"\u201cGuerrero est\u00e1 libre de conflictos postelectorales\u201d, sostiene el Gobierno del Estado"},"content":{"rendered":"\n<p><strong><em>&#8212; Francisco Rodr\u00edguez Cisneros, asegura que la jornada del 2 de junio fue pac\u00edfica porque hubo meses de previsi\u00f3n<br>&#8212; \u201cEn la entidad se transito de la protesta violenta a la participaci\u00f3n pac\u00edfica\u201d, asegura<\/em><\/strong><\/p>\n\n\n\n<p><strong>Rogelio Agust\u00edn<\/strong><\/p>\n\n\n\n<p>\u201cGuerrero est\u00e1 libre de conflictos postelectorales\u201d, asegur\u00f3 el subsecretario de Asuntos Pol\u00edticos del Gobierno de Guerrero, Francisco Rodr\u00edguez Cisneros, a cuatro d\u00edas de la jornada electoral del domingo 2 de junio.<\/p>\n\n\n\n<p>De acuerdo con el funcionario, es visible que Guerrero ha transitado de una forma de expresi\u00f3n violenta, como se ha visto en otros tiempos, a una forma de participacion c\u00edvica pac\u00edfica.<\/p>\n\n\n\n<p>Sostuvo que lo que se vivi\u00f3 el pasado 2 de junio, es consecuencia de una construccion de todos, lo que confirma que trabajando y con coordinacion, las cosas pueden salir bien.<\/p>\n\n\n\n<p>Coment\u00f3 que con meses de anticipaci\u00f3n, la gobernadora Evelyn Salgado Pineda estuvo trabajando en acciones de prevision, lo que que permiti\u00f3 que el 2 de junio transcurriera de manera pac\u00edfica.<\/p>\n\n\n\n<p>Indic\u00f3: \u201cLo que es un hecho es que en Guerrero no hay conflictos postelectorales, s\u00ed tenemos efervescencia, pero no acciones de tipo radical\u201d.<\/p>\n\n\n\n<p>Record\u00f3 que el tema de las protestas no es ajeno para la gobernadora Salgado Pineda tiene su origen en el movimieno social, \u201cpues por a\u00f1os luch\u00f3 para que cambiara el sistema democratico del pa\u00eds\u201d.<\/p>\n\n\n\n<p>Manifest\u00f3 que se est\u00e1 planteando el dialogo con los dirigentes de todos los partidos pol\u00edticos, bajo la premisa de que la politica es el arte del entendimiento, de manejar las cosas con respeto para de dirimir los conflictos.<\/p>\n\n\n\n<p>El mensaje depositado en las urnas el pasado domingo, de acuerdo con Rodr\u00edguez Cisneros, es que los guerrerenses quieren practicar hacia una ruta politica de civilidad, en donde el compromiso com\u00fan sea la paz.<\/p>\n\n\n\n<p>Destac\u00f3 que las fuerzas de seguridad, tanto del estado como de la federaci\u00f3n estuvieron en el resguardo de los consejos distritales, pero aclar\u00f3 que fue a petici\u00f3n del Consejo General del Instituto Electoral y de Participaci\u00f3n Ciudadana (IEPC), sin intervenir en los trabajos realizados.<\/p>\n\n\n\n<p>El funcionario manifest\u00f3 que el inter\u00e9s es garantizar la pritecci\u00f3n de la paqueter\u00eda electoral, ya que esta \u201ccontiene la voluntad del pueblo y vamos a estar pendientes hasta que se entregue la \u00faltima constancia\u201d.<\/p>\n","protected":false},"excerpt":{"rendered":"<p>&#8212; Francisco Rodr\u00edguez Cisneros, asegura que la jornada del 2 de junio fue pac\u00edfica porque hubo meses de previsi\u00f3n&#8212; \u201cEn la entidad se transito de la protesta violenta a la&hellip; <\/p>\n","protected":false},"author":21,"featured_media":78366,"comment_status":"open","ping_status":"open","sticky":false,"template":"","format":"standard","meta":{"fifu_image_url":"","fifu_image_alt":"","footnotes":""},"categories":[11],"tags":[],"class_list":["post-78365","post","type-post","status-publish","format-standard","has-post-thumbnail","hentry","category-guerrero"],"_links":{"self":[{"href":"https:\/\/www.interaccionnoticias.com.mx\/index.php?rest_route=\/wp\/v2\/posts\/78365","targetHints":{"allow":["GET"]}}],"collection":[{"href":"https:\/\/www.interaccionnoticias.com.mx\/index.php?rest_route=\/wp\/v2\/posts"}],"about":[{"href":"https:\/\/www.interaccionnoticias.com.mx\/index.php?rest_route=\/wp\/v2\/types\/post"}],"author":[{"embeddable":true,"href":"https:\/\/www.interaccionnoticias.com.mx\/index.php?rest_route=\/wp\/v2\/users\/21"}],"replies":[{"embeddable":true,"href":"https:\/\/www.interaccionnoticias.com.mx\/index.php?rest_route=%2Fwp%2Fv2%2Fcomments&post=78365"}],"version-history":[{"count":1,"href":"https:\/\/www.interaccionnoticias.com.mx\/index.php?rest_route=\/wp\/v2\/posts\/78365\/revisions"}],"predecessor-version":[{"id":78367,"href":"https:\/\/www.interaccionnoticias.com.mx\/index.php?rest_route=\/wp\/v2\/posts\/78365\/revisions\/78367"}],"wp:featuredmedia":[{"embeddable":true,"href":"https:\/\/www.interaccionnoticias.com.mx\/index.php?rest_route=\/wp\/v2\/media\/78366"}],"wp:attachment":[{"href":"https:\/\/www.interaccionnoticias.com.mx\/index.php?rest_route=%2Fwp%2Fv2%2Fmedia&parent=78365"}],"wp:term":[{"taxonomy":"category","embeddable":true,"href":"https:\/\/www.interaccionnoticias.com.mx\/index.php?rest_route=%2Fwp%2Fv2%2Fcategories&post=78365"},{"taxonomy":"post_tag","embeddable":true,"href":"https:\/\/www.interaccionnoticias.com.mx\/index.php?rest_route=%2Fwp%2Fv2%2Ftags&post=78365"}],"curies":[{"name":"wp","href":"https:\/\/api.w.org\/{rel}","templated":true}]}}