{"id":78354,"date":"2024-06-06T16:29:00","date_gmt":"2024-06-06T21:29:00","guid":{"rendered":"https:\/\/www.interaccionnoticias.com.mx\/?p=78354"},"modified":"2024-06-06T23:24:52","modified_gmt":"2024-06-07T04:24:52","slug":"ya-no-sera-iguala-de-los-43-aseguro-erick-catalan","status":"publish","type":"post","link":"https:\/\/www.interaccionnoticias.com.mx\/?p=78354","title":{"rendered":"Ya no ser\u00e1 Iguala de los 43, asegur\u00f3 Erick Catal\u00e1n"},"content":{"rendered":"\n<p><em><strong>&#8212; Habr\u00e1 una feria como la que merece Iguala, de primer nivel, asegur\u00f3<\/strong><\/em><\/p>\n\n\n\n<p><strong>Rosario Garc\u00eda Orozco<\/strong><\/p>\n\n\n\n<p>El Iguala de los 43 se acab\u00f3, quedar\u00e1 en mito, asegur\u00f3 el alcalde electo de ese municipio por Morena, Erick Catal\u00e1n Rend\u00f3n, quien se comprometi\u00f3 a impulsar una efectiva coordinaci\u00f3n con los gobiernos estatal y federal para generar condiciones de seguridad para la Cuna de la Bandera Nacional.<\/p>\n\n\n\n<p>Mencion\u00f3 que una vez que asuma su responsabilidad como alcalde de ese municipio no perder\u00e1 el tiempo en se\u00f1alar lo que hizo mal su antecesor, el priista David Gama P\u00e9rez.<\/p>\n\n\n\n<p>\u201cVoy a quitar precisamente ese mote, en el sentido de que Iguala de los 43, se acab\u00f3 se\u00f1ores, Iguala es de la gente trabajadora, de la gente que se levanta temprano a trabajar en favor de sus familias, tenemos que ayudar a la gente y reactivar la econom\u00eda\u201d, sostuvo el alcalde electol.<\/p>\n\n\n\n<p>Cabe recordar que en septiembre del 2014, en esa ciudad se registr\u00f3 la desaparici\u00f3n de 43 normalistas de la Escuela Normal Rural de Ayotzinapa, lo que le ha valido que sea calificada como una ciudad violenta, por lo que el morenista se comprometi\u00f3 a que ese tipo de se\u00f1alamientos ya no se utilicen como referencia de esa ciudad.<\/p>\n\n\n\n<p>Para ello, coment\u00f3, se tiene que lograr una efectiva coordinaci\u00f3n con los otros dos niveles de gobierno, especialmente con la federaci\u00f3n, con las autoridades que lleguen en el pr\u00f3ximo gobierno, con quienes sostendr\u00e1 reuniones para detallar la estrategia en materia de seguridad, y agreg\u00f3 que buscar\u00e1 a la gobernadora Evelyn Salgado Pineda para establecer una agenda de acciones a favor de los igualtecos.<\/p>\n\n\n\n<p>\u201cTenemos que hacer una sinergia entre los tres niveles de gobierno para devolverle a la ciudadan\u00eda la tranquilidad que merece, necesitamos, que haya inversi\u00f3n, no podemos subir impuestos, y no podemos estar sacando recursos de la ciudadan\u00eda, las inversiones tienen que llegar\u201d, enfatiz\u00f3.<\/p>\n\n\n\n<p>Se trata de que Iguala tenga un cambio positivo, con m\u00e1s espacios para los j\u00f3venes, con impulso a la cultura y el deporte, incluso visualizar una feria de primer nivel, la cual fue suspendida este a\u00f1o por amenazas de la delincuencia organizada.<\/p>\n\n\n\n<p>\u201cVamos a planear la feria que quiere Iguala, la feria que nos merecemos, una feria de primer nivel, aqu\u00ed naci\u00f3 la Bandera Nacional y tenemos que darlo a conocer, va a ser una de las mejores ferias\u00bb, puntualiz\u00f3 Erick Catal\u00e1n.<\/p>\n","protected":false},"excerpt":{"rendered":"<p>&#8212; Habr\u00e1 una feria como la que merece Iguala, de primer nivel, asegur\u00f3 Rosario Garc\u00eda Orozco El Iguala de los 43 se acab\u00f3, quedar\u00e1 en mito, asegur\u00f3 el alcalde electo&hellip; <\/p>\n","protected":false},"author":14,"featured_media":78355,"comment_status":"open","ping_status":"open","sticky":false,"template":"","format":"standard","meta":{"fifu_image_url":"","fifu_image_alt":"","footnotes":""},"categories":[21],"tags":[],"class_list":["post-78354","post","type-post","status-publish","format-standard","has-post-thumbnail","hentry","category-politica"],"_links":{"self":[{"href":"https:\/\/www.interaccionnoticias.com.mx\/index.php?rest_route=\/wp\/v2\/posts\/78354","targetHints":{"allow":["GET"]}}],"collection":[{"href":"https:\/\/www.interaccionnoticias.com.mx\/index.php?rest_route=\/wp\/v2\/posts"}],"about":[{"href":"https:\/\/www.interaccionnoticias.com.mx\/index.php?rest_route=\/wp\/v2\/types\/post"}],"author":[{"embeddable":true,"href":"https:\/\/www.interaccionnoticias.com.mx\/index.php?rest_route=\/wp\/v2\/users\/14"}],"replies":[{"embeddable":true,"href":"https:\/\/www.interaccionnoticias.com.mx\/index.php?rest_route=%2Fwp%2Fv2%2Fcomments&post=78354"}],"version-history":[{"count":1,"href":"https:\/\/www.interaccionnoticias.com.mx\/index.php?rest_route=\/wp\/v2\/posts\/78354\/revisions"}],"predecessor-version":[{"id":78356,"href":"https:\/\/www.interaccionnoticias.com.mx\/index.php?rest_route=\/wp\/v2\/posts\/78354\/revisions\/78356"}],"wp:featuredmedia":[{"embeddable":true,"href":"https:\/\/www.interaccionnoticias.com.mx\/index.php?rest_route=\/wp\/v2\/media\/78355"}],"wp:attachment":[{"href":"https:\/\/www.interaccionnoticias.com.mx\/index.php?rest_route=%2Fwp%2Fv2%2Fmedia&parent=78354"}],"wp:term":[{"taxonomy":"category","embeddable":true,"href":"https:\/\/www.interaccionnoticias.com.mx\/index.php?rest_route=%2Fwp%2Fv2%2Fcategories&post=78354"},{"taxonomy":"post_tag","embeddable":true,"href":"https:\/\/www.interaccionnoticias.com.mx\/index.php?rest_route=%2Fwp%2Fv2%2Ftags&post=78354"}],"curies":[{"name":"wp","href":"https:\/\/api.w.org\/{rel}","templated":true}]}}