{"id":78350,"date":"2024-06-06T16:11:00","date_gmt":"2024-06-06T21:11:00","guid":{"rendered":"https:\/\/www.interaccionnoticias.com.mx\/?p=78350"},"modified":"2024-06-06T23:21:40","modified_gmt":"2024-06-07T04:21:40","slug":"docente-de-la-prepa-27-de-la-uagro-agrede-a-dos-alumnas","status":"publish","type":"post","link":"https:\/\/www.interaccionnoticias.com.mx\/?p=78350","title":{"rendered":"Docente de la Prepa 27 de la UAGro agrede a dos alumnas"},"content":{"rendered":"\n<p><em><strong>&#8212; Alumnos en protesta cierran la escuela<br>&#8212; Acusan que han denunciado los abusos y los ignoran<\/strong><\/em><\/p>\n\n\n\n<p><strong>Javier Trujillo<\/strong><\/p>\n\n\n\n<p><strong>Acapulco, Gro.-<\/strong> Dos alumnas de la preparatoria 27, \u201cJorge Estrada Moncaya\u00bb de la Universidad Aut\u00f3noma de Guerrero (UAGro), menores de quince a\u00f1os de edad, fueron agredidas por un docente de la instituci\u00f3n, y alumnos en protesta cierran la escuela.<\/p>\n\n\n\n<p>Pasado el mediod\u00eda, se informo de la agresi\u00f3n a dos alumnas del grupo 209, del primer a\u00f1o de preparatoria, lo que provoc\u00f3 que sus compa\u00f1eros tomaran y cerrar\u00e1n las instalaciones educativas.<\/p>\n\n\n\n<p>\u201cAhorita hicimos esto, porque un profesor agredi\u00f3 a una compa\u00f1era, y no nos hacen caso. Supuestamente agredi\u00f3 a dos compa\u00f1eras y las estaba jaloneando creo que de sus cabellos.<\/p>\n\n\n\n<p>\u00abYo no vi nada, pero escuch\u00e9 que muchos compa\u00f1eros empezaron a gritar y unos amigos nos empezaron a decir lo que hab\u00eda pasado\u00bb, cont\u00f3 un alumno.<\/p>\n\n\n\n<p>Los estudiantes dijeron que desde hace tiempo han hecho llegar las quejas a la direcci\u00f3n de la escuela preparatoria, pero nadie les hace caso, reproch\u00f3.<\/p>\n\n\n\n<p>Se indica que los hechos se registraron alrededor del mediod\u00eda en el turno matutino.<\/p>\n\n\n\n<p>Los testigos se\u00f1alan que ambas menores se encontraban sentadas en un par de butacas, ah\u00ed sin motivo aparente, al parecer el profesor les exigi\u00f3 que se movieran, y en seguida las jalone\u00f3; una de ellas sufri\u00f3 lesiones menores al caer al piso del aula educativa.<\/p>\n\n\n\n<p>De acuerdo con el alumnado, esta no es la primera vez que el profesor identificado como Javier Gir\u00f3n, qui\u00e9n imparte la materia de humanidades, agrede o amedrenta a los alumnos de la preparatoria de la m\u00e1xima casa de estudios en Guerrero.<\/p>\n\n\n\n<p>En un v\u00eddeo que circula en redes sociales se puede observar el momento que el maestro de la prepa retar a los alumnos que lo rodean.<\/p>\n\n\n\n<p>\u201cMadreame pues, madreame, parteme la madre\u2026 Ora acosador\u2026.partansela\u201d, se escucha la voz de un alumno<\/p>\n\n\n\n<p>Cabe mencionar que otra problem\u00e1tica que enfrentan los alumnos de esta prepa de la UAGro es la falta de aire acondicionado y ventiladores en las aulas, asi como el poco suministro de agua en los ba\u00f1os de esta escuela preparatoria.<\/p>\n\n\n\n<p>Acusan que durante la ola de calor, docentes de otras materias los han retenido en los salones a los grupos de segundo grado, como forma de castigo ante diversas situaciones.<\/p>\n\n\n\n<p>Tras la denuncia a la preparatoria llegaron padres de familia quienes sostuvieron una reuni\u00f3n con personal de la preparatoria, pero los acad\u00e9micos se negaron a fijar una postura con relaci\u00f3n al caso y se\u00f1alaron que el caso ser\u00e1 analizado por el Comit\u00e9 Interno para tranquilidad de los estudiantes y sus familias.<\/p>\n\n\n\n<p><\/p>\n\n\n\n<div class=\"wp-block-jetpack-slideshow aligncenter\" data-effect=\"slide\"><div class=\"wp-block-jetpack-slideshow_container swiper-container\"><ul class=\"wp-block-jetpack-slideshow_swiper-wrapper swiper-wrapper\"><li class=\"wp-block-jetpack-slideshow_slide swiper-slide\"><figure><img decoding=\"async\" src=\"data:image\/gif;base64,R0lGODlhAQABAIAAAAAAAP\/\/\/ywAAAAAAQABAAACAUwAOw==\" fifu-lazy=\"1\" fifu-data-sizes=\"auto\" fifu-data-srcset=\"https:\/\/i2.wp.com\/www.interaccionnoticias.com.mx\/wp-content\/uploads\/2024\/06\/240606-UAGro-1-1024x683.jpg?ssl=1&w=75&resize=75&ssl=1 75w, https:\/\/i2.wp.com\/www.interaccionnoticias.com.mx\/wp-content\/uploads\/2024\/06\/240606-UAGro-1-1024x683.jpg?ssl=1&w=100&resize=100&ssl=1 100w, https:\/\/i2.wp.com\/www.interaccionnoticias.com.mx\/wp-content\/uploads\/2024\/06\/240606-UAGro-1-1024x683.jpg?ssl=1&w=150&resize=150&ssl=1 150w, https:\/\/i2.wp.com\/www.interaccionnoticias.com.mx\/wp-content\/uploads\/2024\/06\/240606-UAGro-1-1024x683.jpg?ssl=1&w=240&resize=240&ssl=1 240w, https:\/\/i2.wp.com\/www.interaccionnoticias.com.mx\/wp-content\/uploads\/2024\/06\/240606-UAGro-1-1024x683.jpg?ssl=1&w=320&resize=320&ssl=1 320w, https:\/\/i2.wp.com\/www.interaccionnoticias.com.mx\/wp-content\/uploads\/2024\/06\/240606-UAGro-1-1024x683.jpg?ssl=1&w=500&resize=500&ssl=1 500w, https:\/\/i2.wp.com\/www.interaccionnoticias.com.mx\/wp-content\/uploads\/2024\/06\/240606-UAGro-1-1024x683.jpg?ssl=1&w=640&resize=640&ssl=1 640w, https:\/\/i2.wp.com\/www.interaccionnoticias.com.mx\/wp-content\/uploads\/2024\/06\/240606-UAGro-1-1024x683.jpg?ssl=1&w=800&resize=800&ssl=1 800w, https:\/\/i2.wp.com\/www.interaccionnoticias.com.mx\/wp-content\/uploads\/2024\/06\/240606-UAGro-1-1024x683.jpg?ssl=1&w=1024&resize=1024&ssl=1 1024w, https:\/\/i2.wp.com\/www.interaccionnoticias.com.mx\/wp-content\/uploads\/2024\/06\/240606-UAGro-1-1024x683.jpg?ssl=1&w=1280&resize=1280&ssl=1 1280w, https:\/\/i2.wp.com\/www.interaccionnoticias.com.mx\/wp-content\/uploads\/2024\/06\/240606-UAGro-1-1024x683.jpg?ssl=1&w=1600&resize=1600&ssl=1 1600w\" alt=\"\" class=\"wp-block-jetpack-slideshow_image wp-image-78351\" data-id=\"78351\" fifu-data-src=\"https:\/\/i2.wp.com\/www.interaccionnoticias.com.mx\/wp-content\/uploads\/2024\/06\/240606-UAGro-1-1024x683.jpg?ssl=1\"\/><\/figure><\/li><li class=\"wp-block-jetpack-slideshow_slide swiper-slide\"><figure><img decoding=\"async\" src=\"data:image\/gif;base64,R0lGODlhAQABAIAAAAAAAP\/\/\/ywAAAAAAQABAAACAUwAOw==\" fifu-lazy=\"1\" fifu-data-sizes=\"auto\" fifu-data-srcset=\"https:\/\/i2.wp.com\/www.interaccionnoticias.com.mx\/wp-content\/uploads\/2024\/06\/240606-UAGro-1024x683.jpg?ssl=1&w=75&resize=75&ssl=1 75w, https:\/\/i2.wp.com\/www.interaccionnoticias.com.mx\/wp-content\/uploads\/2024\/06\/240606-UAGro-1024x683.jpg?ssl=1&w=100&resize=100&ssl=1 100w, https:\/\/i2.wp.com\/www.interaccionnoticias.com.mx\/wp-content\/uploads\/2024\/06\/240606-UAGro-1024x683.jpg?ssl=1&w=150&resize=150&ssl=1 150w, https:\/\/i2.wp.com\/www.interaccionnoticias.com.mx\/wp-content\/uploads\/2024\/06\/240606-UAGro-1024x683.jpg?ssl=1&w=240&resize=240&ssl=1 240w, https:\/\/i2.wp.com\/www.interaccionnoticias.com.mx\/wp-content\/uploads\/2024\/06\/240606-UAGro-1024x683.jpg?ssl=1&w=320&resize=320&ssl=1 320w, https:\/\/i2.wp.com\/www.interaccionnoticias.com.mx\/wp-content\/uploads\/2024\/06\/240606-UAGro-1024x683.jpg?ssl=1&w=500&resize=500&ssl=1 500w, https:\/\/i2.wp.com\/www.interaccionnoticias.com.mx\/wp-content\/uploads\/2024\/06\/240606-UAGro-1024x683.jpg?ssl=1&w=640&resize=640&ssl=1 640w, https:\/\/i2.wp.com\/www.interaccionnoticias.com.mx\/wp-content\/uploads\/2024\/06\/240606-UAGro-1024x683.jpg?ssl=1&w=800&resize=800&ssl=1 800w, https:\/\/i2.wp.com\/www.interaccionnoticias.com.mx\/wp-content\/uploads\/2024\/06\/240606-UAGro-1024x683.jpg?ssl=1&w=1024&resize=1024&ssl=1 1024w, https:\/\/i2.wp.com\/www.interaccionnoticias.com.mx\/wp-content\/uploads\/2024\/06\/240606-UAGro-1024x683.jpg?ssl=1&w=1280&resize=1280&ssl=1 1280w, https:\/\/i2.wp.com\/www.interaccionnoticias.com.mx\/wp-content\/uploads\/2024\/06\/240606-UAGro-1024x683.jpg?ssl=1&w=1600&resize=1600&ssl=1 1600w\" alt=\"\" class=\"wp-block-jetpack-slideshow_image wp-image-78352\" data-id=\"78352\" fifu-data-src=\"https:\/\/i2.wp.com\/www.interaccionnoticias.com.mx\/wp-content\/uploads\/2024\/06\/240606-UAGro-1024x683.jpg?ssl=1\"\/><\/figure><\/li><\/ul><a class=\"wp-block-jetpack-slideshow_button-prev swiper-button-prev swiper-button-white\" role=\"button\"><\/a><a class=\"wp-block-jetpack-slideshow_button-next swiper-button-next swiper-button-white\" role=\"button\"><\/a><a aria-label=\"Pause Slideshow\" class=\"wp-block-jetpack-slideshow_button-pause\" role=\"button\"><\/a><div class=\"wp-block-jetpack-slideshow_pagination swiper-pagination swiper-pagination-white\"><\/div><\/div><\/div>\n","protected":false},"excerpt":{"rendered":"<p>&#8212; Alumnos en protesta cierran la escuela&#8212; Acusan que han denunciado los abusos y los ignoran Javier Trujillo Acapulco, Gro.- Dos alumnas de la preparatoria 27, \u201cJorge Estrada Moncaya\u00bb de&hellip; <\/p>\n","protected":false},"author":3,"featured_media":78352,"comment_status":"open","ping_status":"open","sticky":false,"template":"","format":"standard","meta":{"fifu_image_url":"","fifu_image_alt":"","footnotes":""},"categories":[30],"tags":[],"class_list":["post-78350","post","type-post","status-publish","format-standard","has-post-thumbnail","hentry","category-universidad"],"_links":{"self":[{"href":"https:\/\/www.interaccionnoticias.com.mx\/index.php?rest_route=\/wp\/v2\/posts\/78350","targetHints":{"allow":["GET"]}}],"collection":[{"href":"https:\/\/www.interaccionnoticias.com.mx\/index.php?rest_route=\/wp\/v2\/posts"}],"about":[{"href":"https:\/\/www.interaccionnoticias.com.mx\/index.php?rest_route=\/wp\/v2\/types\/post"}],"author":[{"embeddable":true,"href":"https:\/\/www.interaccionnoticias.com.mx\/index.php?rest_route=\/wp\/v2\/users\/3"}],"replies":[{"embeddable":true,"href":"https:\/\/www.interaccionnoticias.com.mx\/index.php?rest_route=%2Fwp%2Fv2%2Fcomments&post=78350"}],"version-history":[{"count":1,"href":"https:\/\/www.interaccionnoticias.com.mx\/index.php?rest_route=\/wp\/v2\/posts\/78350\/revisions"}],"predecessor-version":[{"id":78353,"href":"https:\/\/www.interaccionnoticias.com.mx\/index.php?rest_route=\/wp\/v2\/posts\/78350\/revisions\/78353"}],"wp:featuredmedia":[{"embeddable":true,"href":"https:\/\/www.interaccionnoticias.com.mx\/index.php?rest_route=\/wp\/v2\/media\/78352"}],"wp:attachment":[{"href":"https:\/\/www.interaccionnoticias.com.mx\/index.php?rest_route=%2Fwp%2Fv2%2Fmedia&parent=78350"}],"wp:term":[{"taxonomy":"category","embeddable":true,"href":"https:\/\/www.interaccionnoticias.com.mx\/index.php?rest_route=%2Fwp%2Fv2%2Fcategories&post=78350"},{"taxonomy":"post_tag","embeddable":true,"href":"https:\/\/www.interaccionnoticias.com.mx\/index.php?rest_route=%2Fwp%2Fv2%2Ftags&post=78350"}],"curies":[{"name":"wp","href":"https:\/\/api.w.org\/{rel}","templated":true}]}}