{"id":7832,"date":"2017-09-06T19:28:04","date_gmt":"2017-09-07T00:28:04","guid":{"rendered":"http:\/\/www.inter-accion.com.mx\/?p=7832"},"modified":"2017-09-06T19:28:04","modified_gmt":"2017-09-07T00:28:04","slug":"comisarios-de-chilapa-se-deslindan-de-los-ardillos","status":"publish","type":"post","link":"https:\/\/www.interaccionnoticias.com.mx\/?p=7832","title":{"rendered":"Comisarios de Chilapa se deslindan de \u201cLos Ardillos\u201d"},"content":{"rendered":"<p><strong>Denuncian que tambi\u00e9n han sido agredidos&nbsp;<\/strong><br \/>\nComisarios de la zona rural de Chilapa se deslindaron de cualquier v\u00ednculo con el c\u00e1rtel de los \u201cArdillos\u201d y lo que denominan como su principal brazo armado, \u201cComunitarios por la paz y la justicia\u201d.<br \/>\nLa jornada del lunes 4 de septiembre, el vocero del colectivo \u201cLos otros desaparecidos\u201d, Jos\u00e9 D\u00edaz Navarro denuncio que \u201cLos Ardillos\u201d, liderados por los hermanos Iv\u00e1n y Celso Ortega Jim\u00e9nez ya tienen bajo su control por lo menos diez municipios de la regi\u00f3n Centro y Monta\u00f1a baja, lo que tambi\u00e9n les permite manipular a grupos que la Coordinadora Regional de Autoridades Comunitarias (CRAC) tiene en Chilapa y Tixtla.<br \/>\nDe primera instancia, Jes\u00fas Placido Galindo, integrante del Consejo Ind\u00edgena y Popular Emiliano Zapata del Estado de Guerrero (CIPOG) precis\u00f3 que las autoridades de la CRAC, as\u00ed como sus polic\u00edas son nombrados siempre en asambleas en los pueblos y nunca de manera unilateral, por esa raz\u00f3n rechaz\u00f3 cualquier v\u00ednculo con las organizaciones delictivas que se disputan el control del corredor que va de Chilapa hacia Tixtla.<br \/>\nPrecis\u00f3 que la CRAC no es un grupo, es una instituci\u00f3n cuya existencia y acciones est\u00e1n fundadas en la Ley 701, relacionada con los derechos y cultura ind\u00edgena, la cual deriva de los acuerdos alcanzados en la Comisi\u00f3n de Concordia y Pacificaci\u00f3n (Cocopa).<br \/>\nExplic\u00f3 que la casa de justicia que de manera inicial se instal\u00f3 en El Rinc\u00f3n de Chautla, ahora se mud\u00f3 al punto conocido como Monte de Calvario, en la localidad de Acahuehuetl\u00e1n, a partir de un acuerdo alcanzado el 20 de agosto pasado.<br \/>\nEl representante dijo la Casa de Justicia de Monte Calvario no tiene relaci\u00f3n con los Ardillos, raz\u00f3n por la que solicitaron al profesor D\u00edaz Navarro, que si cuenta con elementos para denunciar a las personas que han sido cooptadas por dicha organizaci\u00f3n delictiva, los proporciones para que la asamblea comunitaria proceda, pero que emita declaraciones muy generales.<br \/>\n\u201cNosotros lo que pedimos es que haya un se\u00f1alamiento directo, pero que no se genere descr\u00e9dito en contra de los pueblos, que de por s\u00ed enfrenta serios problemas\u201d, anot\u00f3.<br \/>\nJuan Ozotempa Silverio, coordinador de la Casa de Justicia de referencia indic\u00f3 que las declaraciones del vocero de \u201cSiempre vivos\u201d generan confusi\u00f3n entre la sociedad guerrerense y de todo el pa\u00eds, porque se generaliza un se\u00f1alamiento muy severo.<br \/>\nPor esa raz\u00f3n, dijo que en la CRAC existe desacuerdo en contra de lo que sucede en la cabecera municipal de Chilapa, en donde el tejido social est\u00e1 sumamente deteriorado por la actuaci\u00f3n de los grupos delictivos.<br \/>\nLa intenci\u00f3n de los delincuentes, dijo que es generar confusi\u00f3n para desarticular a las verdaderas polic\u00edas comunitarias, lo que puede cumplirse si no se hacen las precisiones correspondientes.<br \/>\n\u201cNuestro jefe es la asamblea general de autoridades comunitarias y la poblaci\u00f3n en general, se encarga de nombrar y ratificar a las autoridades comunitarias\u201d, anot\u00f3.<br \/>\nEn todo caso, hicieron una convocatoria al profesor D\u00edaz Navarro para que instituya su propia polic\u00eda comunitaria en Chilapa, para efecto de que confirme que s\u00ed hay condiciones para integrar aut\u00e9nticos movimientos sustentados en la organizaci\u00f3n de los pueblos.<br \/>\nLa CRAC de Monte Calvario est\u00e1 integrada por 16 comunidades de Chilapa, aunque tambi\u00e9n hay pueblos de Hueycantenango que se han acercado para solicitar que se les incorpore al sistema de seguridad y justicia.<br \/>\nReconocieron que \u201cPaz y Justicia\u201d son en realidad un grupo armado a las \u00f3rdenes de los Ardillos, pero negaron tener cualquier acuerdo con ellos.<br \/>\nDe hecho, los comisarios manifestaron que Paz y Justicia ha intentado ingresar a su zona de influencia, lo que ha generado momentos de tensi\u00f3n.<br \/>\n\u201cYa nos pas\u00f3 que nos levantaron a un compa\u00f1ero y tuvimos que ir a quit\u00e1rselo a los de Paz y Justicia, hubo personas que vieron como se lo llevaron, por eso lo fuimos a reclamar, de lo contrario se nos hubiera perdido y ya\u201d, anot\u00f3 Placido Galindo.<br \/>\nAmador Cortez Robledo, asesor del Consejo Popular Ind\u00edgena, manifest\u00f3 que vincular a la CRAC con la delincuencia forma parte de un intento de acabar con la imagen de dicha organizaci\u00f3n de los pueblos ind\u00edgena, para primero desprestigiar y luego justificar una agresi\u00f3n institucional.<\/p>\n","protected":false},"excerpt":{"rendered":"<p>Denuncian que tambi\u00e9n han sido agredidos&nbsp; Comisarios de la zona rural de Chilapa se deslindaron de cualquier v\u00ednculo con el c\u00e1rtel de los \u201cArdillos\u201d y lo que denominan como su&hellip; <\/p>\n","protected":false},"author":1,"featured_media":0,"comment_status":"closed","ping_status":"closed","sticky":false,"template":"","format":"standard","meta":{"fifu_image_url":"","fifu_image_alt":"","footnotes":""},"categories":[8,15],"tags":[],"class_list":["post-7832","post","type-post","status-publish","format-standard","hentry","category-featured","category-movimientos-sociales"],"_links":{"self":[{"href":"https:\/\/www.interaccionnoticias.com.mx\/index.php?rest_route=\/wp\/v2\/posts\/7832","targetHints":{"allow":["GET"]}}],"collection":[{"href":"https:\/\/www.interaccionnoticias.com.mx\/index.php?rest_route=\/wp\/v2\/posts"}],"about":[{"href":"https:\/\/www.interaccionnoticias.com.mx\/index.php?rest_route=\/wp\/v2\/types\/post"}],"author":[{"embeddable":true,"href":"https:\/\/www.interaccionnoticias.com.mx\/index.php?rest_route=\/wp\/v2\/users\/1"}],"replies":[{"embeddable":true,"href":"https:\/\/www.interaccionnoticias.com.mx\/index.php?rest_route=%2Fwp%2Fv2%2Fcomments&post=7832"}],"version-history":[{"count":0,"href":"https:\/\/www.interaccionnoticias.com.mx\/index.php?rest_route=\/wp\/v2\/posts\/7832\/revisions"}],"wp:attachment":[{"href":"https:\/\/www.interaccionnoticias.com.mx\/index.php?rest_route=%2Fwp%2Fv2%2Fmedia&parent=7832"}],"wp:term":[{"taxonomy":"category","embeddable":true,"href":"https:\/\/www.interaccionnoticias.com.mx\/index.php?rest_route=%2Fwp%2Fv2%2Fcategories&post=7832"},{"taxonomy":"post_tag","embeddable":true,"href":"https:\/\/www.interaccionnoticias.com.mx\/index.php?rest_route=%2Fwp%2Fv2%2Ftags&post=7832"}],"curies":[{"name":"wp","href":"https:\/\/api.w.org\/{rel}","templated":true}]}}