{"id":77876,"date":"2024-05-26T21:05:34","date_gmt":"2024-05-27T02:05:34","guid":{"rendered":"https:\/\/www.interaccionnoticias.com.mx\/?p=77876"},"modified":"2024-05-26T21:05:36","modified_gmt":"2024-05-27T02:05:36","slug":"con-valla-humana-vecinos-del-parque-pezuapa-exigen-a-las-autoridades-su-preservacion","status":"publish","type":"post","link":"https:\/\/www.interaccionnoticias.com.mx\/?p=77876","title":{"rendered":"Con valla humana vecinos del Parque Pezuapa exigen a las autoridades su preservaci\u00f3n"},"content":{"rendered":"\n<p><strong><em>&#8212; Los vecinos colocaron listones en la malla met\u00e1lica que cerca un terreno del Parque Pezuapa con mensajes de no a la privatizaci\u00f3n y s\u00ed a la preservaci\u00f3n<\/em><\/strong><\/p>\n\n\n\n<p><strong>Yasm\u00edn Garc\u00eda<\/strong><\/p>\n\n\n\n<p>Con una valla humana, actividades culturales y la colocaci\u00f3n de listones vecinos del Parque Pezuapa exigieron a las autoridades su preservaci\u00f3n ante supuestos due\u00f1os.<\/p>\n\n\n\n<p>Los vecinos colocaron listones en la malla met\u00e1lica que cerca un terreno del Parque Pezuapa con mensajes de no a la privatizaci\u00f3n y s\u00ed a la preservaci\u00f3n.<\/p>\n\n\n\n<p>Isidro Velez, vecino del Parque Pezuapa relat\u00f3 que en febrero del 2022 descubrieron en redes sociales un anuncio de venta de un terreno que inclu\u00eda parte del parque, lo que gener\u00f3 preocupaci\u00f3n y movilizaci\u00f3n en la comunidad.<\/p>\n\n\n\n<p>\u00abEn respuesta a esta situaci\u00f3n se convoc\u00f3 a una actividad de reforestacion y limpieza del \u00e1rea como forma de protesta y denuncia\u00bb, dijo.<\/p>\n\n\n\n<p>El 18 de mayo del 2022 personas desconocidas destruyeron los \u00e1rboles plantados por la comunidad y retiraron las mantas informativas que hab\u00edan colocado durante la protesta. D\u00edas despu\u00e9s los supuestos due\u00f1os del terreno llegaron con personal de seguridad y obreros para cercar el \u00e1rea, alegando \u00abacreditar la posesi\u00f3n\u00bb.<\/p>\n\n\n\n<p>Actualmente, se est\u00e1 llevando a cabo un proceso legal para recuperar las \u00e1reas afectadas.<\/p>\n\n\n\n<p>\u00abSer\u00eda responsabilidad del ayuntamiento ellos tendr\u00edan que resolver, este problema se ha venido advirtiendo desde antes desde que inici\u00f3, tiene historia, antes ya hubo intento de tomar posesi\u00f3n pero no se les permiti\u00f3\u00bb, manifest\u00f3 Isidro Velez.<\/p>\n\n\n\n<p>Los vecinos colocaron una lona en donde solicitan la firma de los candidatos a la presidencia municipal que acuden a realizar alg\u00fan mitin al Parque Pezuapa, en donde se comprometen a la conservaci\u00f3n y no privatizaci\u00f3n del \u00e1rea, en caso de ganar las elecciones.<\/p>\n","protected":false},"excerpt":{"rendered":"<p>&#8212; Los vecinos colocaron listones en la malla met\u00e1lica que cerca un terreno del Parque Pezuapa con mensajes de no a la privatizaci\u00f3n y s\u00ed a la preservaci\u00f3n Yasm\u00edn Garc\u00eda&hellip; <\/p>\n","protected":false},"author":32,"featured_media":77877,"comment_status":"open","ping_status":"open","sticky":false,"template":"","format":"standard","meta":{"fifu_image_url":"","fifu_image_alt":"","footnotes":""},"categories":[13],"tags":[],"class_list":["post-77876","post","type-post","status-publish","format-standard","has-post-thumbnail","hentry","category-capital"],"_links":{"self":[{"href":"https:\/\/www.interaccionnoticias.com.mx\/index.php?rest_route=\/wp\/v2\/posts\/77876","targetHints":{"allow":["GET"]}}],"collection":[{"href":"https:\/\/www.interaccionnoticias.com.mx\/index.php?rest_route=\/wp\/v2\/posts"}],"about":[{"href":"https:\/\/www.interaccionnoticias.com.mx\/index.php?rest_route=\/wp\/v2\/types\/post"}],"author":[{"embeddable":true,"href":"https:\/\/www.interaccionnoticias.com.mx\/index.php?rest_route=\/wp\/v2\/users\/32"}],"replies":[{"embeddable":true,"href":"https:\/\/www.interaccionnoticias.com.mx\/index.php?rest_route=%2Fwp%2Fv2%2Fcomments&post=77876"}],"version-history":[{"count":1,"href":"https:\/\/www.interaccionnoticias.com.mx\/index.php?rest_route=\/wp\/v2\/posts\/77876\/revisions"}],"predecessor-version":[{"id":77878,"href":"https:\/\/www.interaccionnoticias.com.mx\/index.php?rest_route=\/wp\/v2\/posts\/77876\/revisions\/77878"}],"wp:featuredmedia":[{"embeddable":true,"href":"https:\/\/www.interaccionnoticias.com.mx\/index.php?rest_route=\/wp\/v2\/media\/77877"}],"wp:attachment":[{"href":"https:\/\/www.interaccionnoticias.com.mx\/index.php?rest_route=%2Fwp%2Fv2%2Fmedia&parent=77876"}],"wp:term":[{"taxonomy":"category","embeddable":true,"href":"https:\/\/www.interaccionnoticias.com.mx\/index.php?rest_route=%2Fwp%2Fv2%2Fcategories&post=77876"},{"taxonomy":"post_tag","embeddable":true,"href":"https:\/\/www.interaccionnoticias.com.mx\/index.php?rest_route=%2Fwp%2Fv2%2Ftags&post=77876"}],"curies":[{"name":"wp","href":"https:\/\/api.w.org\/{rel}","templated":true}]}}