{"id":77873,"date":"2024-05-26T21:00:25","date_gmt":"2024-05-27T02:00:25","guid":{"rendered":"https:\/\/www.interaccionnoticias.com.mx\/?p=77873"},"modified":"2024-05-26T21:00:28","modified_gmt":"2024-05-27T02:00:28","slug":"denuncian-trabajares-de-soriana-hostigamiento-para-incorporarse-a-sus-areas-de-trabajo","status":"publish","type":"post","link":"https:\/\/www.interaccionnoticias.com.mx\/?p=77873","title":{"rendered":"Denuncian trabajares de Soriana hostigamiento para incorporarse a sus \u00e1reas de trabajo"},"content":{"rendered":"\n<p><em><strong>&#8212; El s\u00e1bado iniciaron una protesta ante el raqu\u00edtico pago de utilidades<\/strong><\/em><\/p>\n\n\n\n<p><strong>Yasm\u00edn Garc\u00eda<\/strong><\/p>\n\n\n\n<p>Un grupo de trabajadores de la tienda Soriana denunci\u00f3 que unos 20 de sus compa\u00f1eros fueron obligados a incorporarse a sus \u00e1reas de trabajo, se trata de los que tienen una antig\u00fcedad de 15, 20 y ocho a\u00f1os, as\u00ed como los de nuevo ingreso.<\/p>\n\n\n\n<p>Los trabajadores iniciaron una protesta el s\u00e1bado ante el raqu\u00edtico pago de utilidades que recibieron, el a\u00f1o pasado fue de cinco mil pesos, y este a\u00f1o de 300 y 500 pesos.<\/p>\n\n\n\n<p>Los 20 trabajadores ingresaron a sus \u00e1reas a las 13 horas de este domingo, ya que el gerente Mart\u00edn Luna y el encargado de Capital Humano Orlando L\u00f3pez, les manifestaron que s\u00ed no regresaban a sus \u00e1reas generar\u00edan merma en el \u00e1rea de frutas y verduras, l\u00e1cteos y carnes, adem\u00e1s de que los trabajadores con antig\u00fcedad la perder\u00edan y los de nuevo ingreso podr\u00edan ser despedidos ya que no generar\u00edan finiquito.<\/p>\n\n\n\n<p>\u00abLos hostigaron les dijeron que los de antig\u00fcedad la perder\u00edan y como ya son personas grandes ya no pueden encontrar tan f\u00e1cil trabajo, les mandaron mensajes amedrentandolos, tambien a nosotros nos han mandado mensajes intimidando \u00ab, acus\u00f3 una trabajadora.<\/p>\n\n\n\n<p>El grupo que a\u00fan mantiene la protesta afuera de la tienda departamental argument\u00f3 que se mantendr\u00e1n hasta hoy por la noche y ma\u00f1ana se integrar\u00e1n a sus \u00e1reas de trabajo, ya que el gerente regional se comprometi\u00f3 con ellos a resolverles el pago de utilidades el pr\u00f3ximo viernes a las 15 horas.<\/p>\n\n\n\n<p>De lo contrario volver\u00e1n a parar labores y a cerrar la tienda.<\/p>\n\n\n\n<p>Los manifestantes pidieron la intervenci\u00f3n del gobierno estatal, para que la administraci\u00f3n de la tienda respete la ley del trabajo.<\/p>\n\n\n\n<p>A la empresa exigieron la destituci\u00f3n del gerente de tienda y del encargado de Capital Humano ante el trato d\u00e9spota que han recibido.<\/p>\n","protected":false},"excerpt":{"rendered":"<p>&#8212; El s\u00e1bado iniciaron una protesta ante el raqu\u00edtico pago de utilidades Yasm\u00edn Garc\u00eda Un grupo de trabajadores de la tienda Soriana denunci\u00f3 que unos 20 de sus compa\u00f1eros fueron&hellip; <\/p>\n","protected":false},"author":32,"featured_media":77874,"comment_status":"open","ping_status":"open","sticky":false,"template":"","format":"standard","meta":{"fifu_image_url":"","fifu_image_alt":"","footnotes":""},"categories":[29],"tags":[],"class_list":["post-77873","post","type-post","status-publish","format-standard","has-post-thumbnail","hentry","category-sociedad"],"_links":{"self":[{"href":"https:\/\/www.interaccionnoticias.com.mx\/index.php?rest_route=\/wp\/v2\/posts\/77873","targetHints":{"allow":["GET"]}}],"collection":[{"href":"https:\/\/www.interaccionnoticias.com.mx\/index.php?rest_route=\/wp\/v2\/posts"}],"about":[{"href":"https:\/\/www.interaccionnoticias.com.mx\/index.php?rest_route=\/wp\/v2\/types\/post"}],"author":[{"embeddable":true,"href":"https:\/\/www.interaccionnoticias.com.mx\/index.php?rest_route=\/wp\/v2\/users\/32"}],"replies":[{"embeddable":true,"href":"https:\/\/www.interaccionnoticias.com.mx\/index.php?rest_route=%2Fwp%2Fv2%2Fcomments&post=77873"}],"version-history":[{"count":1,"href":"https:\/\/www.interaccionnoticias.com.mx\/index.php?rest_route=\/wp\/v2\/posts\/77873\/revisions"}],"predecessor-version":[{"id":77875,"href":"https:\/\/www.interaccionnoticias.com.mx\/index.php?rest_route=\/wp\/v2\/posts\/77873\/revisions\/77875"}],"wp:featuredmedia":[{"embeddable":true,"href":"https:\/\/www.interaccionnoticias.com.mx\/index.php?rest_route=\/wp\/v2\/media\/77874"}],"wp:attachment":[{"href":"https:\/\/www.interaccionnoticias.com.mx\/index.php?rest_route=%2Fwp%2Fv2%2Fmedia&parent=77873"}],"wp:term":[{"taxonomy":"category","embeddable":true,"href":"https:\/\/www.interaccionnoticias.com.mx\/index.php?rest_route=%2Fwp%2Fv2%2Fcategories&post=77873"},{"taxonomy":"post_tag","embeddable":true,"href":"https:\/\/www.interaccionnoticias.com.mx\/index.php?rest_route=%2Fwp%2Fv2%2Ftags&post=77873"}],"curies":[{"name":"wp","href":"https:\/\/api.w.org\/{rel}","templated":true}]}}