{"id":77868,"date":"2024-05-26T20:55:20","date_gmt":"2024-05-27T01:55:20","guid":{"rendered":"https:\/\/www.interaccionnoticias.com.mx\/?p=77868"},"modified":"2024-05-26T20:55:24","modified_gmt":"2024-05-27T01:55:24","slug":"ejecutan-a-dos-habitantes-de-la-palma-en-petatlan","status":"publish","type":"post","link":"https:\/\/www.interaccionnoticias.com.mx\/?p=77868","title":{"rendered":"Ejecutan a dos habitantes de La Palma, en Petatl\u00e1n"},"content":{"rendered":"\n<p><em><strong>&#8212; Fueron levantados por un grupo criminal en San Jeronimito<br>&#8212; Estaban reportados como desaparecidos<\/strong><\/em><\/p>\n\n\n\n<p><strong>Javier Trujillo<\/strong><\/p>\n\n\n\n<p><strong>Acapulco, Gro.- <\/strong>A menos de 24 horas de haberlos privado de su libertad en San Jeronimito, Petatl\u00e1n; este domingo fueron encontrados los cuerpos sin vida de dos pobladores de la comunidad serrana de La Palma.<\/p>\n\n\n\n<p>Las v\u00edctimas eran originarias del poblado de La Palma, en la zona de la sierra de Petatl\u00e1n, y este domingo los encontraron en la comunidad de Troncones, municipio de La Uni\u00f3n, Guerrero.<\/p>\n\n\n\n<p>De acuerdo con los pobladores acusan que sus victimarios fueron los integrantes del grupo criminal de la Familia Michoacana y del grupo que lidera \u00abEl Ruso\u00bb, en la regi\u00f3n costera.<\/p>\n\n\n\n<p>\u00abTenemos miedo a pesar de la seguridad que nos brinda el Estado.<\/p>\n\n\n\n<p>\u00abEl \u00fanico delito de Rogelio Gardu\u00f1o y Gustavo Gardu\u00f1o Betancourt es ser originarios de La Palma\u00bb, dijo el comisario de la localidad serrana, Luis Alberto Ram\u00edrez Bravo.<\/p>\n\n\n\n<p>Tambi\u00e9n dijo que con los tel\u00e9fonos que les quitaron a las dos v\u00edctimas, ahora \u00abnos est\u00e1n amenazando\u00bb, por lo que piden a las autoridades investigar las amenazas y castigar a los culpables.<\/p>\n\n\n\n<p>Los dos pobladores de la comunidad serrana de La Palma, municipio de Petatl\u00e1n, Guerrero, fueron privados de su libertad por presuntos integrantes del grupo delictivo de la Familia Michoacana y de la Guardia Guerrerense.<\/p>\n\n\n\n<p>Se sabe que aproximadamente entre las 20:00 y las 21:00 horas a inmediaciones del poblado de San Jeronimito, fueron privados de su libertad los primos Rogelio Gardu\u00f1o y Gustavo Gardu\u00f1o Betancourt.<\/p>\n\n\n\n<p>Ante la situaci\u00f3n de la desaparici\u00f3n y muerte de dos pobladores de la comunidad de la sierra de Petatl\u00e1n, demandaron al gobierno federal y estatal realicen operativos conjuntos para castigar a los presuntos responsables.<\/p>\n\n\n\n<p>Cabe mencionar que los ataques con los drones y privaci\u00f3n de la libertad de los dos hombres, ocurre tras el regreso de m\u00e1s de 90 pobladores que salieron desplazados de la comunidad de La Palma, hace siete meses.<\/p>\n\n\n\n<p>Mencion\u00f3 que tiene cuatro d\u00edas que regresaron algunas familias que estaban desplazadas, unas 97 personas, pero todos los d\u00edas arrojan explosivos con drones y los vigilan desde que regresaron.<\/p>\n\n\n\n<p>En los \u00faltimos d\u00edas han reportado ataques con drones, en la comunidad de La Palma, aunque tienen presencia de dos Bases de Operaciones Mixtas (BOM) conformada por fuerzas federales y estatales.<\/p>\n\n\n\n<p>\u201cEstamos como unos 60 habitantes fijos, pero de los otros 30 pobladores pues vienen y se pasan el d\u00eda, y se van en la noche. Como en la noche fueron los bombardeos, pues tienen miedo\u201d, explic\u00f3 el comisario municipal, Luis Alberto Ram\u00edrez Bravo.<\/p>\n\n\n\n<p>La autoridad del comisariado ejidal, se\u00f1al\u00f3 que los dos hombres, ahora fallecidos, hab\u00edan sido reportados como desaparecidos por sus familiares, luego de haber pasado por el poblado de San Jeronimito, Petatl\u00e1n.<\/p>\n\n\n\n<p>De acuerdo con el comisario municipal de La Palma, ambos fueron interceptados por un grupo de sujetos armados, cuando viajaban a bordo de una camioneta marca Renault, color gris, tipo Oroch y no se sabe nada de ellos.<\/p>\n\n\n\n<p>\u201cEstamos rog\u00e1ndole a Dios que salgan vivos, si no los matan o los dejan desaparecidos, y desde anoche se complic\u00f3 la situaci\u00f3n, porque aqu\u00ed (en La Palma) est\u00e1 la Base de Operaciones.<\/p>\n\n\n\n<p>\u201cEllos vinieron a limpiarle la casa a su mam\u00e1, a traerle agua, despensa y los levantaron entre las ocho y nueve de la noche\u201d, explic\u00f3 el comisario.<\/p>\n\n\n\n<p>Ahora amenazan con cerrar la carretera federal Acapulco-Zihuatanejo este lunes, sobre todo porque el gobierno federal y el gobierno del estado no cumplieron con lo que les ofrecieron como fue la seguridad necesaria.<\/p>\n\n\n\n<div class=\"wp-block-jetpack-slideshow aligncenter\" data-effect=\"slide\"><div class=\"wp-block-jetpack-slideshow_container swiper-container\"><ul class=\"wp-block-jetpack-slideshow_swiper-wrapper swiper-wrapper\"><li class=\"wp-block-jetpack-slideshow_slide swiper-slide\"><figure><img decoding=\"async\" src=\"data:image\/gif;base64,R0lGODlhAQABAIAAAAAAAP\/\/\/ywAAAAAAQABAAACAUwAOw==\" fifu-lazy=\"1\" fifu-data-sizes=\"auto\" fifu-data-srcset=\"https:\/\/i0.wp.com\/www.interaccionnoticias.com.mx\/wp-content\/uploads\/2024\/05\/240526-Ejecutan-La-Palma-2-1024x683.jpg?ssl=1&w=75&resize=75&ssl=1 75w, https:\/\/i0.wp.com\/www.interaccionnoticias.com.mx\/wp-content\/uploads\/2024\/05\/240526-Ejecutan-La-Palma-2-1024x683.jpg?ssl=1&w=100&resize=100&ssl=1 100w, https:\/\/i0.wp.com\/www.interaccionnoticias.com.mx\/wp-content\/uploads\/2024\/05\/240526-Ejecutan-La-Palma-2-1024x683.jpg?ssl=1&w=150&resize=150&ssl=1 150w, https:\/\/i0.wp.com\/www.interaccionnoticias.com.mx\/wp-content\/uploads\/2024\/05\/240526-Ejecutan-La-Palma-2-1024x683.jpg?ssl=1&w=240&resize=240&ssl=1 240w, https:\/\/i0.wp.com\/www.interaccionnoticias.com.mx\/wp-content\/uploads\/2024\/05\/240526-Ejecutan-La-Palma-2-1024x683.jpg?ssl=1&w=320&resize=320&ssl=1 320w, https:\/\/i0.wp.com\/www.interaccionnoticias.com.mx\/wp-content\/uploads\/2024\/05\/240526-Ejecutan-La-Palma-2-1024x683.jpg?ssl=1&w=500&resize=500&ssl=1 500w, https:\/\/i0.wp.com\/www.interaccionnoticias.com.mx\/wp-content\/uploads\/2024\/05\/240526-Ejecutan-La-Palma-2-1024x683.jpg?ssl=1&w=640&resize=640&ssl=1 640w, https:\/\/i0.wp.com\/www.interaccionnoticias.com.mx\/wp-content\/uploads\/2024\/05\/240526-Ejecutan-La-Palma-2-1024x683.jpg?ssl=1&w=800&resize=800&ssl=1 800w, https:\/\/i0.wp.com\/www.interaccionnoticias.com.mx\/wp-content\/uploads\/2024\/05\/240526-Ejecutan-La-Palma-2-1024x683.jpg?ssl=1&w=1024&resize=1024&ssl=1 1024w, https:\/\/i0.wp.com\/www.interaccionnoticias.com.mx\/wp-content\/uploads\/2024\/05\/240526-Ejecutan-La-Palma-2-1024x683.jpg?ssl=1&w=1280&resize=1280&ssl=1 1280w, https:\/\/i0.wp.com\/www.interaccionnoticias.com.mx\/wp-content\/uploads\/2024\/05\/240526-Ejecutan-La-Palma-2-1024x683.jpg?ssl=1&w=1600&resize=1600&ssl=1 1600w\" alt=\"\" class=\"wp-block-jetpack-slideshow_image wp-image-77869\" data-id=\"77869\" fifu-data-src=\"https:\/\/i0.wp.com\/www.interaccionnoticias.com.mx\/wp-content\/uploads\/2024\/05\/240526-Ejecutan-La-Palma-2-1024x683.jpg?ssl=1\"\/><\/figure><\/li><li class=\"wp-block-jetpack-slideshow_slide swiper-slide\"><figure><img decoding=\"async\" src=\"data:image\/gif;base64,R0lGODlhAQABAIAAAAAAAP\/\/\/ywAAAAAAQABAAACAUwAOw==\" fifu-lazy=\"1\" fifu-data-sizes=\"auto\" fifu-data-srcset=\"https:\/\/i2.wp.com\/www.interaccionnoticias.com.mx\/wp-content\/uploads\/2024\/05\/240526-Ejecutan-La-Palma-3-1024x683.jpg?ssl=1&w=75&resize=75&ssl=1 75w, https:\/\/i2.wp.com\/www.interaccionnoticias.com.mx\/wp-content\/uploads\/2024\/05\/240526-Ejecutan-La-Palma-3-1024x683.jpg?ssl=1&w=100&resize=100&ssl=1 100w, https:\/\/i2.wp.com\/www.interaccionnoticias.com.mx\/wp-content\/uploads\/2024\/05\/240526-Ejecutan-La-Palma-3-1024x683.jpg?ssl=1&w=150&resize=150&ssl=1 150w, https:\/\/i2.wp.com\/www.interaccionnoticias.com.mx\/wp-content\/uploads\/2024\/05\/240526-Ejecutan-La-Palma-3-1024x683.jpg?ssl=1&w=240&resize=240&ssl=1 240w, https:\/\/i2.wp.com\/www.interaccionnoticias.com.mx\/wp-content\/uploads\/2024\/05\/240526-Ejecutan-La-Palma-3-1024x683.jpg?ssl=1&w=320&resize=320&ssl=1 320w, https:\/\/i2.wp.com\/www.interaccionnoticias.com.mx\/wp-content\/uploads\/2024\/05\/240526-Ejecutan-La-Palma-3-1024x683.jpg?ssl=1&w=500&resize=500&ssl=1 500w, https:\/\/i2.wp.com\/www.interaccionnoticias.com.mx\/wp-content\/uploads\/2024\/05\/240526-Ejecutan-La-Palma-3-1024x683.jpg?ssl=1&w=640&resize=640&ssl=1 640w, https:\/\/i2.wp.com\/www.interaccionnoticias.com.mx\/wp-content\/uploads\/2024\/05\/240526-Ejecutan-La-Palma-3-1024x683.jpg?ssl=1&w=800&resize=800&ssl=1 800w, https:\/\/i2.wp.com\/www.interaccionnoticias.com.mx\/wp-content\/uploads\/2024\/05\/240526-Ejecutan-La-Palma-3-1024x683.jpg?ssl=1&w=1024&resize=1024&ssl=1 1024w, https:\/\/i2.wp.com\/www.interaccionnoticias.com.mx\/wp-content\/uploads\/2024\/05\/240526-Ejecutan-La-Palma-3-1024x683.jpg?ssl=1&w=1280&resize=1280&ssl=1 1280w, https:\/\/i2.wp.com\/www.interaccionnoticias.com.mx\/wp-content\/uploads\/2024\/05\/240526-Ejecutan-La-Palma-3-1024x683.jpg?ssl=1&w=1600&resize=1600&ssl=1 1600w\" alt=\"\" class=\"wp-block-jetpack-slideshow_image wp-image-77870\" data-id=\"77870\" fifu-data-src=\"https:\/\/i2.wp.com\/www.interaccionnoticias.com.mx\/wp-content\/uploads\/2024\/05\/240526-Ejecutan-La-Palma-3-1024x683.jpg?ssl=1\"\/><\/figure><\/li><li class=\"wp-block-jetpack-slideshow_slide swiper-slide\"><figure><img decoding=\"async\" src=\"data:image\/gif;base64,R0lGODlhAQABAIAAAAAAAP\/\/\/ywAAAAAAQABAAACAUwAOw==\" fifu-lazy=\"1\" fifu-data-sizes=\"auto\" fifu-data-srcset=\"https:\/\/i3.wp.com\/www.interaccionnoticias.com.mx\/wp-content\/uploads\/2024\/05\/240526-Ejecutan-La-Palma-1-1024x683.jpg?ssl=1&w=75&resize=75&ssl=1 75w, https:\/\/i3.wp.com\/www.interaccionnoticias.com.mx\/wp-content\/uploads\/2024\/05\/240526-Ejecutan-La-Palma-1-1024x683.jpg?ssl=1&w=100&resize=100&ssl=1 100w, https:\/\/i3.wp.com\/www.interaccionnoticias.com.mx\/wp-content\/uploads\/2024\/05\/240526-Ejecutan-La-Palma-1-1024x683.jpg?ssl=1&w=150&resize=150&ssl=1 150w, https:\/\/i3.wp.com\/www.interaccionnoticias.com.mx\/wp-content\/uploads\/2024\/05\/240526-Ejecutan-La-Palma-1-1024x683.jpg?ssl=1&w=240&resize=240&ssl=1 240w, https:\/\/i3.wp.com\/www.interaccionnoticias.com.mx\/wp-content\/uploads\/2024\/05\/240526-Ejecutan-La-Palma-1-1024x683.jpg?ssl=1&w=320&resize=320&ssl=1 320w, https:\/\/i3.wp.com\/www.interaccionnoticias.com.mx\/wp-content\/uploads\/2024\/05\/240526-Ejecutan-La-Palma-1-1024x683.jpg?ssl=1&w=500&resize=500&ssl=1 500w, https:\/\/i3.wp.com\/www.interaccionnoticias.com.mx\/wp-content\/uploads\/2024\/05\/240526-Ejecutan-La-Palma-1-1024x683.jpg?ssl=1&w=640&resize=640&ssl=1 640w, https:\/\/i3.wp.com\/www.interaccionnoticias.com.mx\/wp-content\/uploads\/2024\/05\/240526-Ejecutan-La-Palma-1-1024x683.jpg?ssl=1&w=800&resize=800&ssl=1 800w, https:\/\/i3.wp.com\/www.interaccionnoticias.com.mx\/wp-content\/uploads\/2024\/05\/240526-Ejecutan-La-Palma-1-1024x683.jpg?ssl=1&w=1024&resize=1024&ssl=1 1024w, https:\/\/i3.wp.com\/www.interaccionnoticias.com.mx\/wp-content\/uploads\/2024\/05\/240526-Ejecutan-La-Palma-1-1024x683.jpg?ssl=1&w=1280&resize=1280&ssl=1 1280w, https:\/\/i3.wp.com\/www.interaccionnoticias.com.mx\/wp-content\/uploads\/2024\/05\/240526-Ejecutan-La-Palma-1-1024x683.jpg?ssl=1&w=1600&resize=1600&ssl=1 1600w\" alt=\"\" class=\"wp-block-jetpack-slideshow_image wp-image-77871\" data-id=\"77871\" fifu-data-src=\"https:\/\/i3.wp.com\/www.interaccionnoticias.com.mx\/wp-content\/uploads\/2024\/05\/240526-Ejecutan-La-Palma-1-1024x683.jpg?ssl=1\"\/><\/figure><\/li><\/ul><a class=\"wp-block-jetpack-slideshow_button-prev swiper-button-prev swiper-button-white\" role=\"button\"><\/a><a class=\"wp-block-jetpack-slideshow_button-next swiper-button-next swiper-button-white\" role=\"button\"><\/a><a aria-label=\"Pause Slideshow\" class=\"wp-block-jetpack-slideshow_button-pause\" role=\"button\"><\/a><div class=\"wp-block-jetpack-slideshow_pagination swiper-pagination swiper-pagination-white\"><\/div><\/div><\/div>\n","protected":false},"excerpt":{"rendered":"<p>&#8212; Fueron levantados por un grupo criminal en San Jeronimito&#8212; Estaban reportados como desaparecidos Javier Trujillo Acapulco, Gro.- A menos de 24 horas de haberlos privado de su libertad en&hellip; <\/p>\n","protected":false},"author":3,"featured_media":77871,"comment_status":"open","ping_status":"open","sticky":false,"template":"","format":"standard","meta":{"fifu_image_url":"","fifu_image_alt":"","footnotes":""},"categories":[27],"tags":[],"class_list":["post-77868","post","type-post","status-publish","format-standard","has-post-thumbnail","hentry","category-seguridad-publica"],"_links":{"self":[{"href":"https:\/\/www.interaccionnoticias.com.mx\/index.php?rest_route=\/wp\/v2\/posts\/77868","targetHints":{"allow":["GET"]}}],"collection":[{"href":"https:\/\/www.interaccionnoticias.com.mx\/index.php?rest_route=\/wp\/v2\/posts"}],"about":[{"href":"https:\/\/www.interaccionnoticias.com.mx\/index.php?rest_route=\/wp\/v2\/types\/post"}],"author":[{"embeddable":true,"href":"https:\/\/www.interaccionnoticias.com.mx\/index.php?rest_route=\/wp\/v2\/users\/3"}],"replies":[{"embeddable":true,"href":"https:\/\/www.interaccionnoticias.com.mx\/index.php?rest_route=%2Fwp%2Fv2%2Fcomments&post=77868"}],"version-history":[{"count":1,"href":"https:\/\/www.interaccionnoticias.com.mx\/index.php?rest_route=\/wp\/v2\/posts\/77868\/revisions"}],"predecessor-version":[{"id":77872,"href":"https:\/\/www.interaccionnoticias.com.mx\/index.php?rest_route=\/wp\/v2\/posts\/77868\/revisions\/77872"}],"wp:featuredmedia":[{"embeddable":true,"href":"https:\/\/www.interaccionnoticias.com.mx\/index.php?rest_route=\/wp\/v2\/media\/77871"}],"wp:attachment":[{"href":"https:\/\/www.interaccionnoticias.com.mx\/index.php?rest_route=%2Fwp%2Fv2%2Fmedia&parent=77868"}],"wp:term":[{"taxonomy":"category","embeddable":true,"href":"https:\/\/www.interaccionnoticias.com.mx\/index.php?rest_route=%2Fwp%2Fv2%2Fcategories&post=77868"},{"taxonomy":"post_tag","embeddable":true,"href":"https:\/\/www.interaccionnoticias.com.mx\/index.php?rest_route=%2Fwp%2Fv2%2Ftags&post=77868"}],"curies":[{"name":"wp","href":"https:\/\/api.w.org\/{rel}","templated":true}]}}