{"id":77811,"date":"2024-05-24T16:07:49","date_gmt":"2024-05-24T21:07:49","guid":{"rendered":"https:\/\/www.interaccionnoticias.com.mx\/?p=77811"},"modified":"2024-05-24T16:07:52","modified_gmt":"2024-05-24T21:07:52","slug":"candidato-del-mc-plantea-una-verdadera-representacion-parlamentaria-en-el-distrito-federal-07","status":"publish","type":"post","link":"https:\/\/www.interaccionnoticias.com.mx\/?p=77811","title":{"rendered":"Candidato del MC plantea una verdadera representaci\u00f3n parlamentaria en el distrito federal 07"},"content":{"rendered":"\n<p><strong><em>&#8212; \u201cNo se ha defendido a los habitantes de dicho distrito, en temas como la inseguridad, agua potable y generaci\u00f3n de empleos\u201d, asegura Joel Eugenio Flores<\/em><\/strong><\/p>\n\n\n\n<p><strong>Rogelio Agust\u00edn<\/strong><\/p>\n\n\n\n<p>El candidato de Movimiento Ciudadano (MC) a la diputaci\u00f3n federal del distrito electoral 07, Joel Eugenio Flores consider\u00f3 importante garantizar una verdadera representaci\u00f3n en el Congreso de la Uni\u00f3n, ya que desde hace varias legislaturas, esa parte de la entidad no ha tenido voz.<\/p>\n\n\n\n<p>Eugenio Flores destac\u00f3 que a partir de las ausencias que se han generado en los espacios de representaci\u00f3n parlamentaria, se han dejado de atender problemas que son importantes para la regi\u00f3n Centro y parte de la Sierra, que son abarcados por el distrito 07 federal.<\/p>\n\n\n\n<p>Record\u00f3 que en la definici\u00f3n del presupuesto de egresos de la federaci\u00f3n, no se han considerado recursos suficientes para el estado de Guerrero, pues solamente se ha votado de manera inercial lo que se asigna desde el Gobierno de la Rep\u00fablica.<\/p>\n\n\n\n<p>Ante lo acotado de los presupuestos, el Estado y los municipios que integran el distrito no han contado con recursos adicionales para atender problemas como la inseguridad p\u00fablica, la escasez de agua y tambi\u00e9n lo relacionado con la generaci\u00f3n de empleos.<\/p>\n\n\n\n<p>En el caso de la escasez de agua, indic\u00f3 que los diputados federales deben ser gestores insistentes y constantes, pero hasta el momento, no se ha levantado la voz en la tribuna m\u00e1s importante del pa\u00eds.<\/p>\n\n\n\n<p>Por esa raz\u00f3n, destac\u00f3 que en caso de ganar la curul del distrito 07, habr\u00e1 de hacer los planteamientos necesarios, las veces que se requiera para que el gobierno federal mire al sur del pa\u00eds y particularmente a Guerrero.<\/p>\n\n\n\n<p>\u201cHay que llamar la atenci\u00f3n y tocar las puertas de la federaci\u00f3n para impulsar programas, se necesario garantizar obras y programas que vayan m\u00e1s all\u00e1 del asistencialismo, necesitamos detonar desarrollo, tanto en las ciudades como en la zona rural\u201d, anot\u00f3.<\/p>\n\n\n\n<p>Por esa raz\u00f3n, llam\u00f3 a la poblaci\u00f3n a reflexionar su voto, para que las curules sean espacios en lo que se pueda generar la gesti\u00f3n que se requiere en esta entidad, porque de lo contrario se mantendr\u00e1 la ruta de la improductividad legislativa, particularmente en el distrito 07, que ha estado completamente ausente.<\/p>\n","protected":false},"excerpt":{"rendered":"<p>&#8212; \u201cNo se ha defendido a los habitantes de dicho distrito, en temas como la inseguridad, agua potable y generaci\u00f3n de empleos\u201d, asegura Joel Eugenio Flores Rogelio Agust\u00edn El candidato&hellip; <\/p>\n","protected":false},"author":21,"featured_media":77812,"comment_status":"open","ping_status":"open","sticky":false,"template":"","format":"standard","meta":{"fifu_image_url":"","fifu_image_alt":"","footnotes":""},"categories":[21],"tags":[],"class_list":["post-77811","post","type-post","status-publish","format-standard","has-post-thumbnail","hentry","category-politica"],"_links":{"self":[{"href":"https:\/\/www.interaccionnoticias.com.mx\/index.php?rest_route=\/wp\/v2\/posts\/77811","targetHints":{"allow":["GET"]}}],"collection":[{"href":"https:\/\/www.interaccionnoticias.com.mx\/index.php?rest_route=\/wp\/v2\/posts"}],"about":[{"href":"https:\/\/www.interaccionnoticias.com.mx\/index.php?rest_route=\/wp\/v2\/types\/post"}],"author":[{"embeddable":true,"href":"https:\/\/www.interaccionnoticias.com.mx\/index.php?rest_route=\/wp\/v2\/users\/21"}],"replies":[{"embeddable":true,"href":"https:\/\/www.interaccionnoticias.com.mx\/index.php?rest_route=%2Fwp%2Fv2%2Fcomments&post=77811"}],"version-history":[{"count":1,"href":"https:\/\/www.interaccionnoticias.com.mx\/index.php?rest_route=\/wp\/v2\/posts\/77811\/revisions"}],"predecessor-version":[{"id":77813,"href":"https:\/\/www.interaccionnoticias.com.mx\/index.php?rest_route=\/wp\/v2\/posts\/77811\/revisions\/77813"}],"wp:featuredmedia":[{"embeddable":true,"href":"https:\/\/www.interaccionnoticias.com.mx\/index.php?rest_route=\/wp\/v2\/media\/77812"}],"wp:attachment":[{"href":"https:\/\/www.interaccionnoticias.com.mx\/index.php?rest_route=%2Fwp%2Fv2%2Fmedia&parent=77811"}],"wp:term":[{"taxonomy":"category","embeddable":true,"href":"https:\/\/www.interaccionnoticias.com.mx\/index.php?rest_route=%2Fwp%2Fv2%2Fcategories&post=77811"},{"taxonomy":"post_tag","embeddable":true,"href":"https:\/\/www.interaccionnoticias.com.mx\/index.php?rest_route=%2Fwp%2Fv2%2Ftags&post=77811"}],"curies":[{"name":"wp","href":"https:\/\/api.w.org\/{rel}","templated":true}]}}