{"id":7781,"date":"2017-09-05T21:58:27","date_gmt":"2017-09-06T02:58:27","guid":{"rendered":"http:\/\/www.inter-accion.com.mx\/?p=7781"},"modified":"2017-09-05T21:58:27","modified_gmt":"2017-09-06T02:58:27","slug":"sebastian-prd-perdera-identidad-si-se-concreta-la-alianza-con-el-pan","status":"publish","type":"post","link":"https:\/\/www.interaccionnoticias.com.mx\/?p=7781","title":{"rendered":"Sebasti\u00e1n: PRD perder\u00e1 identidad si se concreta la alianza con el PAN"},"content":{"rendered":"<p class=\"m_7521113018859364818xmsonormal\">El diputado local Sebasti\u00e1n de la Rosa Pel\u00e1ez advirti\u00f3 que el PRD perder\u00e1 identidad y militancia si se concreta la alianza con el PAN.<span class=\"m_7521113018859364818apple-converted-space\">&nbsp;<\/span><u><\/u><u><\/u><\/p>\n<p class=\"m_7521113018859364818xmsonormal\">En entrevista radiof\u00f3nica, el tambi\u00e9n dirigente de la Coalici\u00f3n de Organizaciones Democr\u00e1ticas Urbanas y Campesinas (<em>CODUC<\/em>)&nbsp;lament\u00f3 que el Consejo Nacional del PRD, realizado el domingo 03 de septiembre, haya aprobado la creaci\u00f3n de un Frente Amplio Democr\u00e1tico (FAD), con el que se abre la puerta a una alianza con el PAN.<span class=\"m_7521113018859364818apple-converted-space\">&nbsp;<\/span><u><\/u><u><\/u><\/p>\n<p class=\"m_7521113018859364818xmsonospacing\">De la Rosa Pel\u00e1ez reproch\u00f3 que en el Consejo Nacional \u201cya todo estaba planchado por parte de la dirigencia nacional\u201d para aprobar el FAD, puesto que \u201cno hubo posibilidad de debate\u201d y la votaci\u00f3n se realiz\u00f3 \u201cfast track\u201d.<u><\/u><u><\/u><\/p>\n<p class=\"m_7521113018859364818xmsonospacing\">Prueba de ello, dijo, fue \u201cel discurso entreguista\u201d de la secretaria general del PRD nacional, Beatriz Mojica Morga.<u><\/u><u><\/u><\/p>\n<p class=\"m_7521113018859364818xmsonospacing\">\u201cFue un discurso completamente entreguista y lo tengo que decir con todas sus palabras, fue muy significativo cuando dijo que el agua y el aceite s\u00ed se pueden juntar y que a partir de ah\u00ed nace una luz de esperanza. Me parece que eso es una groser\u00eda, un esfuerzo desesperado por tratar de convencer con argumentos que no son objetivos\u201d, coment\u00f3 el l\u00edder perredista.<u><\/u><u><\/u><\/p>\n<p class=\"m_7521113018859364818xmsonospacing\">Sin embargo, advirti\u00f3 que el FAD no podr\u00e1 constituirse en los t\u00e9rminos en que pretende el PRD, ya que la legislaci\u00f3n electoral no lo permite.<u><\/u><u><\/u><\/p>\n<p class=\"m_7521113018859364818xmsonospacing\">Asimismo, consider\u00f3 que la alianza PRD-PAN \u201cdif\u00edcilmente podr\u00eda funcionar\u201d porque el sol azteca perder\u00e1 identidad y militancia.<u><\/u><u><\/u><\/p>\n<p class=\"m_7521113018859364818xmsonospacing\">De inicio, dijo, \u201cla clase pol\u00edtica de la derecha\u201d, representada por el PAN, \u201cest\u00e1 muy vinculada al sistema neoliberal depredador de los derechos humanos y del combate a las desigualdades\u201d.<u><\/u><u><\/u><\/p>\n<p class=\"m_7521113018859364818xmsonormal\">Adem\u00e1s, se\u00f1al\u00f3 que la militancia de izquierda reaccionar\u00e1 de manera negativa a una alianza con Acci\u00f3n Nacional y abandonar\u00e1 al PRD.<span class=\"m_7521113018859364818apple-converted-space\">&nbsp;<\/span><u><\/u><u><\/u><\/p>\n<p class=\"m_7521113018859364818xmsonormal\">Destac\u00f3 que particularmente en Guerrero, el PAN har\u00e1 que el PRD \u201cpierda fuerza\u201d, algo que, a parecer, no tom\u00f3 en cuenta la dirigencia nacional del partido.<u><\/u><u><\/u><\/p>\n<p class=\"m_7521113018859364818xmsonormal\">\u201cCreo que eso a algunos no les interesa, no les preocupa, est\u00e1n m\u00e1s preocupados por salvar algunas posiciones personales, algunos dirigentes nacionales y algunos dirigentes regionales ya se sienten funcionarios, ya se sienten embajadores\u201d, reproch\u00f3 Sebasti\u00e1n de la Rosa Pel\u00e1ez.<span class=\"m_7521113018859364818apple-converted-space\">&nbsp;<\/span><u><\/u><u><\/u><\/p>\n<p class=\"m_7521113018859364818xmsonormal\">Se\u00f1al\u00f3 que a causa de estas acciones, la sociedad ha impuesto \u201cuna especie de castigo y sanci\u00f3n\u201d a los l\u00edderes<span class=\"m_7521113018859364818apple-converted-space\">&nbsp;<\/span><\/p>\n","protected":false},"excerpt":{"rendered":"<p>El diputado local Sebasti\u00e1n de la Rosa Pel\u00e1ez advirti\u00f3 que el PRD perder\u00e1 identidad y militancia si se concreta la alianza con el PAN.&nbsp; En entrevista radiof\u00f3nica, el tambi\u00e9n dirigente&hellip; <\/p>\n","protected":false},"author":1,"featured_media":0,"comment_status":"closed","ping_status":"closed","sticky":false,"template":"","format":"standard","meta":{"fifu_image_url":"","fifu_image_alt":"","footnotes":""},"categories":[8,18],"tags":[],"class_list":["post-7781","post","type-post","status-publish","format-standard","hentry","category-featured","category-partidos-politicos"],"_links":{"self":[{"href":"https:\/\/www.interaccionnoticias.com.mx\/index.php?rest_route=\/wp\/v2\/posts\/7781","targetHints":{"allow":["GET"]}}],"collection":[{"href":"https:\/\/www.interaccionnoticias.com.mx\/index.php?rest_route=\/wp\/v2\/posts"}],"about":[{"href":"https:\/\/www.interaccionnoticias.com.mx\/index.php?rest_route=\/wp\/v2\/types\/post"}],"author":[{"embeddable":true,"href":"https:\/\/www.interaccionnoticias.com.mx\/index.php?rest_route=\/wp\/v2\/users\/1"}],"replies":[{"embeddable":true,"href":"https:\/\/www.interaccionnoticias.com.mx\/index.php?rest_route=%2Fwp%2Fv2%2Fcomments&post=7781"}],"version-history":[{"count":0,"href":"https:\/\/www.interaccionnoticias.com.mx\/index.php?rest_route=\/wp\/v2\/posts\/7781\/revisions"}],"wp:attachment":[{"href":"https:\/\/www.interaccionnoticias.com.mx\/index.php?rest_route=%2Fwp%2Fv2%2Fmedia&parent=7781"}],"wp:term":[{"taxonomy":"category","embeddable":true,"href":"https:\/\/www.interaccionnoticias.com.mx\/index.php?rest_route=%2Fwp%2Fv2%2Fcategories&post=7781"},{"taxonomy":"post_tag","embeddable":true,"href":"https:\/\/www.interaccionnoticias.com.mx\/index.php?rest_route=%2Fwp%2Fv2%2Ftags&post=7781"}],"curies":[{"name":"wp","href":"https:\/\/api.w.org\/{rel}","templated":true}]}}