{"id":77808,"date":"2024-05-24T13:53:20","date_gmt":"2024-05-24T18:53:20","guid":{"rendered":"https:\/\/www.interaccionnoticias.com.mx\/?p=77808"},"modified":"2024-05-24T13:53:21","modified_gmt":"2024-05-24T18:53:21","slug":"la-iglesia-convoca-a-la-firma-de-un-compromiso-por-la-paz-entre-los-partidos-politicos-de-guerrero","status":"publish","type":"post","link":"https:\/\/www.interaccionnoticias.com.mx\/?p=77808","title":{"rendered":"La Iglesia convoca a la firma de un \u201cCompromiso por la Paz\u201d entre los partidos pol\u00edticos de Guerrero"},"content":{"rendered":"\n<p><strong><em>&#8212; El encuentro se llevar\u00e1 acabo este fin de semana, en Chilpancingo<\/em><\/strong><\/p>\n\n\n\n<p><strong>Jes\u00fas Dorantes<\/strong><\/p>\n\n\n\n<p><strong>Chilpancingo, Gro.- <\/strong>La Iglesia cat\u00f3lica convoc\u00f3 a los candidatos a las alcald\u00edas de Chilpancingo y Eduardo Neri, al Senado de la Rep\u00fablica y al Congreso local a firmar el \u201cCompromiso por la paz en Guerrero\u201d, en un evento p\u00fablico que se desarrollar\u00e1 este s\u00e1bado 25 de mayo.<\/p>\n\n\n\n<p>En un escrito firmado por la Conferencia del Episcopado Mexicano (CEM), la Compa\u00f1\u00eda de Jes\u00fas en M\u00e9xico, la Conferencia de Superiores Mayores de Religiosos de M\u00e9xico, se\u00f1alan que la firma forma parte de la \u201cAgenda Nacional de Paz con el fin de establecer orientaciones generales para la construcci\u00f3n de Paz en M\u00e9xico\u201d.<\/p>\n\n\n\n<p>El documento fue firmado el pasado 11 de marzo del a\u00f1o en curso por los candidatos a la presidencia de la Rep\u00fablica Mexicana, por lo que el pr\u00f3ximo s\u00e1bado se proceder\u00e1 a buscar la firma con los actores locales.<\/p>\n\n\n\n<p>El evento est\u00e1 convocado a las 20:00 horas en el Auditorio de la Universidad Aut\u00f3noma de Guerrero (UAGRo), por lo que se contar\u00e1 con la presencia de el rector Javier Salda\u00f1a Almaz\u00e1n y el obispo de la Di\u00f3cesis Chilpancingo Chilapa, Jos\u00e9 de Jes\u00fas Gonz\u00e1lez Hern\u00e1ndez.<\/p>\n\n\n\n<p>Adem\u00e1s de que se le dar\u00e1 una participaci\u00f3n a cada uno de los candidatos que acudas, para efecto de que emitan un discurso de por lo menos siete minutos.<\/p>\n","protected":false},"excerpt":{"rendered":"<p>&#8212; El encuentro se llevar\u00e1 acabo este fin de semana, en Chilpancingo Jes\u00fas Dorantes Chilpancingo, Gro.- La Iglesia cat\u00f3lica convoc\u00f3 a los candidatos a las alcald\u00edas de Chilpancingo y Eduardo&hellip; <\/p>\n","protected":false},"author":8,"featured_media":77809,"comment_status":"open","ping_status":"open","sticky":false,"template":"","format":"standard","meta":{"fifu_image_url":"","fifu_image_alt":"","footnotes":""},"categories":[29],"tags":[],"class_list":["post-77808","post","type-post","status-publish","format-standard","has-post-thumbnail","hentry","category-sociedad"],"_links":{"self":[{"href":"https:\/\/www.interaccionnoticias.com.mx\/index.php?rest_route=\/wp\/v2\/posts\/77808","targetHints":{"allow":["GET"]}}],"collection":[{"href":"https:\/\/www.interaccionnoticias.com.mx\/index.php?rest_route=\/wp\/v2\/posts"}],"about":[{"href":"https:\/\/www.interaccionnoticias.com.mx\/index.php?rest_route=\/wp\/v2\/types\/post"}],"author":[{"embeddable":true,"href":"https:\/\/www.interaccionnoticias.com.mx\/index.php?rest_route=\/wp\/v2\/users\/8"}],"replies":[{"embeddable":true,"href":"https:\/\/www.interaccionnoticias.com.mx\/index.php?rest_route=%2Fwp%2Fv2%2Fcomments&post=77808"}],"version-history":[{"count":1,"href":"https:\/\/www.interaccionnoticias.com.mx\/index.php?rest_route=\/wp\/v2\/posts\/77808\/revisions"}],"predecessor-version":[{"id":77810,"href":"https:\/\/www.interaccionnoticias.com.mx\/index.php?rest_route=\/wp\/v2\/posts\/77808\/revisions\/77810"}],"wp:featuredmedia":[{"embeddable":true,"href":"https:\/\/www.interaccionnoticias.com.mx\/index.php?rest_route=\/wp\/v2\/media\/77809"}],"wp:attachment":[{"href":"https:\/\/www.interaccionnoticias.com.mx\/index.php?rest_route=%2Fwp%2Fv2%2Fmedia&parent=77808"}],"wp:term":[{"taxonomy":"category","embeddable":true,"href":"https:\/\/www.interaccionnoticias.com.mx\/index.php?rest_route=%2Fwp%2Fv2%2Fcategories&post=77808"},{"taxonomy":"post_tag","embeddable":true,"href":"https:\/\/www.interaccionnoticias.com.mx\/index.php?rest_route=%2Fwp%2Fv2%2Ftags&post=77808"}],"curies":[{"name":"wp","href":"https:\/\/api.w.org\/{rel}","templated":true}]}}