{"id":7778,"date":"2017-09-05T21:53:38","date_gmt":"2017-09-06T02:53:38","guid":{"rendered":"http:\/\/www.inter-accion.com.mx\/?p=7778"},"modified":"2017-09-05T21:53:38","modified_gmt":"2017-09-06T02:53:38","slug":"define-ine-a-idoneos-para-ocupar-tres-cargos-como-consejeros-del-iepc","status":"publish","type":"post","link":"https:\/\/www.interaccionnoticias.com.mx\/?p=7778","title":{"rendered":"Define INE a \u201cid\u00f3neos\u201d para ocupar tres cargos como consejeros del IEPC"},"content":{"rendered":"<p>Este mi\u00e9rcoles, despu\u00e9s de un proceso de 6 meses, el Consejo General del Instituto Nacional Electoral (INE) aprobar\u00e1 el punto de acuerdo por el que se designan a tres consejeros del Instituto Electoral y de Participaci\u00f3n Ciudadana (IEPC) de Guerrero.<br \/>\nEn el proyecto de acuerdo que ser\u00e1 presentado este mi\u00e9rcoles ante el pleno del INE, se anex\u00f3 a los tres aspirantes considerados como \u201cid\u00f3neos\u201d para ocupar los tres cargos de consejeros electorales.<br \/>\nEn esa lista, se encuentra el a\u00fan vocal de organizaci\u00f3n del INE, Edmar Le\u00f3n Garc\u00eda, la consejera electoral Yolanda Leticia Medina Aguilar y Vicenta Molina Revuelta.<br \/>\nEl representante de Movimiento Regeneraci\u00f3n Nacional (MORENA) ante el IEPC, Sergio Montes Carrillo, acus\u00f3 en el mes de julio, que Yolanda Leticia Medina Aguilar y Edmar Le\u00f3n Garc\u00eda, estaban v\u00ednculos al Partido Revolucionario Institucional (PRI).<br \/>\nEl proceso de selecci\u00f3n que inicio en marzo, tuvo como objetivo designar a los tres consejeros electorales, para un periodo de siete a\u00f1os, seg\u00fan lo estipula la Ley General de Instituciones y Procedimientos Electorales.<br \/>\nEn total fueron 135 los aspirantes que se registraron, pero \u00fanicamente fueron 14 los que participaron en las \u00faltimas dos etapas del proceso de selecci\u00f3n, que fueron de Valoraci\u00f3n Curricular y Entrevistas.<br \/>\nCon el punto que se espera pueda ser aprobado este mi\u00e9rcoles por el Consejo General del Instituto Nacional Electoral, se dejar\u00eda fuera a aspirantes como el actual secretario ejecutivo del IEPC, Pedro Pablo Mart\u00ednez Ortiz; al vocal secretario de la junta local del INE, Gregorio Aranda Acu\u00f1a; y al ex secretario general de la Universidad Aut\u00f3noma de Guerrero (UAG), Nazar\u00edn Vargas Armenta.<br \/>\nLos tres consejeros que concluyen su periodo en el IEPC, son: Felipe Arturo S\u00e1nchez Miranda, Leticia Mart\u00ednez Vel\u00e1zquez y Ren\u00e9 Vargas Pineda, los cuales fueron designados para cumplir un periodo de tres a\u00f1os, el cual inici\u00f3 en 2014.<\/p>\n","protected":false},"excerpt":{"rendered":"<p>Este mi\u00e9rcoles, despu\u00e9s de un proceso de 6 meses, el Consejo General del Instituto Nacional Electoral (INE) aprobar\u00e1 el punto de acuerdo por el que se designan a tres consejeros&hellip; <\/p>\n","protected":false},"author":1,"featured_media":0,"comment_status":"closed","ping_status":"closed","sticky":false,"template":"","format":"standard","meta":{"fifu_image_url":"","fifu_image_alt":"","footnotes":""},"categories":[8,17],"tags":[],"class_list":["post-7778","post","type-post","status-publish","format-standard","hentry","category-featured","category-organos-electorales"],"_links":{"self":[{"href":"https:\/\/www.interaccionnoticias.com.mx\/index.php?rest_route=\/wp\/v2\/posts\/7778","targetHints":{"allow":["GET"]}}],"collection":[{"href":"https:\/\/www.interaccionnoticias.com.mx\/index.php?rest_route=\/wp\/v2\/posts"}],"about":[{"href":"https:\/\/www.interaccionnoticias.com.mx\/index.php?rest_route=\/wp\/v2\/types\/post"}],"author":[{"embeddable":true,"href":"https:\/\/www.interaccionnoticias.com.mx\/index.php?rest_route=\/wp\/v2\/users\/1"}],"replies":[{"embeddable":true,"href":"https:\/\/www.interaccionnoticias.com.mx\/index.php?rest_route=%2Fwp%2Fv2%2Fcomments&post=7778"}],"version-history":[{"count":0,"href":"https:\/\/www.interaccionnoticias.com.mx\/index.php?rest_route=\/wp\/v2\/posts\/7778\/revisions"}],"wp:attachment":[{"href":"https:\/\/www.interaccionnoticias.com.mx\/index.php?rest_route=%2Fwp%2Fv2%2Fmedia&parent=7778"}],"wp:term":[{"taxonomy":"category","embeddable":true,"href":"https:\/\/www.interaccionnoticias.com.mx\/index.php?rest_route=%2Fwp%2Fv2%2Fcategories&post=7778"},{"taxonomy":"post_tag","embeddable":true,"href":"https:\/\/www.interaccionnoticias.com.mx\/index.php?rest_route=%2Fwp%2Fv2%2Ftags&post=7778"}],"curies":[{"name":"wp","href":"https:\/\/api.w.org\/{rel}","templated":true}]}}