{"id":77751,"date":"2024-05-23T15:15:28","date_gmt":"2024-05-23T20:15:28","guid":{"rendered":"https:\/\/www.interaccionnoticias.com.mx\/?p=77751"},"modified":"2024-05-23T15:15:30","modified_gmt":"2024-05-23T20:15:30","slug":"reaparece-el-emerito-salvador-rangel-mendoza-en-chilapa","status":"publish","type":"post","link":"https:\/\/www.interaccionnoticias.com.mx\/?p=77751","title":{"rendered":"Reaparece el em\u00e9rito, Salvador Rangel Mendoza en Chilapa"},"content":{"rendered":"\n<p><strong><em>Iglesia agradece oraciones por la recuperaci\u00f3n del prelado<\/em><\/strong><\/p>\n\n\n\n<p><strong>Jes\u00fas Dorantes<\/strong><\/p>\n\n\n\n<p><strong>Chilpancingo, Gro.-<\/strong> El Obispo em\u00e9rito, Salvador Rangel Mendoza reapareci\u00f3 en una misa celebrada en el municipio de Chilapa de \u00c1lvarez la jornada del jueves, luego de que desapareciera y fuera localizado en el Estado de Morelos, hace un mes.<\/p>\n\n\n\n<p>Durante la misa celebrada en la catedral de Chilapa, durante la ordenaci\u00f3n de cinco sacerdotes, Rangel Mendoza hizo su primera aparici\u00f3n en p\u00fablico, a casi un mes de que fuera presuntamente privado de la libertad.<\/p>\n\n\n\n<p>Durante el acto religioso, el obispo Jos\u00e9 de Jes\u00fas Gonz\u00e1lez Hern\u00e1ndez agradeci\u00f3 a los feligreses sus oraciones para pedir por la salud de su compa\u00f1ero, \u201cEstaba perdido y sali\u00f3 con vida gracias a sus oraciones, Gracias a sus oraciones est\u00e1 entre nosotros est\u00e1 aqu\u00ed\u201d.<\/p>\n\n\n\n<p>Tras terminar sus palabras, los asistentes al evento emitieron un aplauso dirigido a Salvador Rangel, que se encontraba sentada del lado derecho de el obispo Jos\u00e9 de Jes\u00fas, durante la ordenaci\u00f3n sacerdotal.<\/p>\n\n\n\n<p>El pasado 27 de abril el obispo Rangel Mendoza sali\u00f3 de su domicilio ubicado en Morelos y fue hasta el 29 del mismo mes que se supo de su paraderos tras ser localizado en el hospital Dr. Jos\u00e9 G. Parres de Cuernavaca.<\/p>\n","protected":false},"excerpt":{"rendered":"<p>Iglesia agradece oraciones por la recuperaci\u00f3n del prelado Jes\u00fas Dorantes Chilpancingo, Gro.- El Obispo em\u00e9rito, Salvador Rangel Mendoza reapareci\u00f3 en una misa celebrada en el municipio de Chilapa de \u00c1lvarez&hellip; <\/p>\n","protected":false},"author":8,"featured_media":77752,"comment_status":"open","ping_status":"open","sticky":false,"template":"","format":"standard","meta":{"fifu_image_url":"","fifu_image_alt":"","footnotes":""},"categories":[29],"tags":[],"class_list":["post-77751","post","type-post","status-publish","format-standard","has-post-thumbnail","hentry","category-sociedad"],"_links":{"self":[{"href":"https:\/\/www.interaccionnoticias.com.mx\/index.php?rest_route=\/wp\/v2\/posts\/77751","targetHints":{"allow":["GET"]}}],"collection":[{"href":"https:\/\/www.interaccionnoticias.com.mx\/index.php?rest_route=\/wp\/v2\/posts"}],"about":[{"href":"https:\/\/www.interaccionnoticias.com.mx\/index.php?rest_route=\/wp\/v2\/types\/post"}],"author":[{"embeddable":true,"href":"https:\/\/www.interaccionnoticias.com.mx\/index.php?rest_route=\/wp\/v2\/users\/8"}],"replies":[{"embeddable":true,"href":"https:\/\/www.interaccionnoticias.com.mx\/index.php?rest_route=%2Fwp%2Fv2%2Fcomments&post=77751"}],"version-history":[{"count":1,"href":"https:\/\/www.interaccionnoticias.com.mx\/index.php?rest_route=\/wp\/v2\/posts\/77751\/revisions"}],"predecessor-version":[{"id":77753,"href":"https:\/\/www.interaccionnoticias.com.mx\/index.php?rest_route=\/wp\/v2\/posts\/77751\/revisions\/77753"}],"wp:featuredmedia":[{"embeddable":true,"href":"https:\/\/www.interaccionnoticias.com.mx\/index.php?rest_route=\/wp\/v2\/media\/77752"}],"wp:attachment":[{"href":"https:\/\/www.interaccionnoticias.com.mx\/index.php?rest_route=%2Fwp%2Fv2%2Fmedia&parent=77751"}],"wp:term":[{"taxonomy":"category","embeddable":true,"href":"https:\/\/www.interaccionnoticias.com.mx\/index.php?rest_route=%2Fwp%2Fv2%2Fcategories&post=77751"},{"taxonomy":"post_tag","embeddable":true,"href":"https:\/\/www.interaccionnoticias.com.mx\/index.php?rest_route=%2Fwp%2Fv2%2Ftags&post=77751"}],"curies":[{"name":"wp","href":"https:\/\/api.w.org\/{rel}","templated":true}]}}