{"id":7775,"date":"2017-09-05T21:51:51","date_gmt":"2017-09-06T02:51:51","guid":{"rendered":"http:\/\/www.inter-accion.com.mx\/?p=7775"},"modified":"2017-09-05T21:51:51","modified_gmt":"2017-09-06T02:51:51","slug":"integrantes-del-comite-pro-amlo-no-son-militantes-del-prd","status":"publish","type":"post","link":"https:\/\/www.interaccionnoticias.com.mx\/?p=7775","title":{"rendered":"Integrantes del Comit\u00e9 Pro-AMLO, no son militantes del PRD"},"content":{"rendered":"<p>En el pr\u00f3ximo Consejo Estatal del Partido de la Revoluci\u00f3n Democr\u00e1tica (PRD) podr\u00eda definirse lo que pasar\u00e1 con los militantes que est\u00e9n o pretendan realizar trabajo organizacional para otros candidatos o partidos pol\u00edticos, seg\u00fan manifest\u00f3 el secretario general perredista, Alberto Catal\u00e1n Bastida.<br \/>\nEl Comit\u00e9 Pro-Andr\u00e9s Manuel L\u00f3pez Obrador (AMLO), conformado por ex dirigentes y militantes perredistas, se\u00f1al\u00f3 a principio del a\u00f1o que trabajar\u00eda para el presidente de Movimiento Regeneraci\u00f3n Nacional (MORENA).<br \/>\nEl mismo grupo, rechaz\u00f3 el proyecto de alianzas del partido, en el que propon\u00eda la integraci\u00f3n del denominado Frente Amplio Democr\u00e1tico (FAD), donde participar\u00eda pol\u00edticamente con el Partido Acci\u00f3n Nacional (PAN).<br \/>\nLos considerados como l\u00edderes hist\u00f3ricos del perredismo en Guerrero, entre ellos F\u00e9lix Salgado Macedonio, Ranferi Hern\u00e1ndez Acevedo y Sa\u00fal L\u00f3pez Sollano, no tienen filiaci\u00f3n perredista, excepto el vocero del Comit\u00e9 Pro-AMLO, Misael Medrano Basa, detall\u00f3 Catal\u00e1n Bastida.<br \/>\nEl secretario general del PRD, dijo que no implicar\u00e1 en lo absoluto que, esa agrupaci\u00f3n mantenga relaciones y haga trabajo pol\u00edtico para MORENA.<br \/>\nDesde este martes, despu\u00e9s de conocerse la alianza que integrara el partido blanquiazul, con el partido del sol azteca y Movimiento Ciudadano (MC), se\u00f1al\u00f3 que a nivel local, se tratar\u00e1 de imitar lo que hicieron las tres dirigencias nacionales en la Ciudad de M\u00e9xico.<br \/>\nUno de las fuerzas que no ha definido su ruta pol\u00edtica a nivel local, ha sido el Partido del Trabajo, con quien tambi\u00e9n se reuni\u00f3 la dirigencia perredista, como tambi\u00e9n lo hico con el MC.<br \/>\n\u201cLa comisi\u00f3n de alianzas que encabeza nuestro presidente, se reuni\u00f3 hace poco con el diputado federal y dirigente del PT, Victoriano Wences Real, qui\u00e9n no descart\u00f3 la posibilidad de ir con Movimiento Ciudadano y PRD en algunas candidaturas comunes\u201d, indic\u00f3 el secretario general.<br \/>\nPara finalizar, recalc\u00f3 que la salida de dos dirigentes nacionales del partido del sol azteca, como es el caso de Ren\u00e9 Bejarano y la senadora Dolores Padierna, no tendr\u00e1 repercusi\u00f3n a nivel local, puesto que miembros de esa corriente interna a nivel local, han ratificado su aval a la creaci\u00f3n del Frente Amplio.<\/p>\n","protected":false},"excerpt":{"rendered":"<p>En el pr\u00f3ximo Consejo Estatal del Partido de la Revoluci\u00f3n Democr\u00e1tica (PRD) podr\u00eda definirse lo que pasar\u00e1 con los militantes que est\u00e9n o pretendan realizar trabajo organizacional para otros candidatos&hellip; <\/p>\n","protected":false},"author":1,"featured_media":0,"comment_status":"closed","ping_status":"closed","sticky":false,"template":"","format":"standard","meta":{"fifu_image_url":"","fifu_image_alt":"","footnotes":""},"categories":[8,18],"tags":[],"class_list":["post-7775","post","type-post","status-publish","format-standard","hentry","category-featured","category-partidos-politicos"],"_links":{"self":[{"href":"https:\/\/www.interaccionnoticias.com.mx\/index.php?rest_route=\/wp\/v2\/posts\/7775","targetHints":{"allow":["GET"]}}],"collection":[{"href":"https:\/\/www.interaccionnoticias.com.mx\/index.php?rest_route=\/wp\/v2\/posts"}],"about":[{"href":"https:\/\/www.interaccionnoticias.com.mx\/index.php?rest_route=\/wp\/v2\/types\/post"}],"author":[{"embeddable":true,"href":"https:\/\/www.interaccionnoticias.com.mx\/index.php?rest_route=\/wp\/v2\/users\/1"}],"replies":[{"embeddable":true,"href":"https:\/\/www.interaccionnoticias.com.mx\/index.php?rest_route=%2Fwp%2Fv2%2Fcomments&post=7775"}],"version-history":[{"count":0,"href":"https:\/\/www.interaccionnoticias.com.mx\/index.php?rest_route=\/wp\/v2\/posts\/7775\/revisions"}],"wp:attachment":[{"href":"https:\/\/www.interaccionnoticias.com.mx\/index.php?rest_route=%2Fwp%2Fv2%2Fmedia&parent=7775"}],"wp:term":[{"taxonomy":"category","embeddable":true,"href":"https:\/\/www.interaccionnoticias.com.mx\/index.php?rest_route=%2Fwp%2Fv2%2Fcategories&post=7775"},{"taxonomy":"post_tag","embeddable":true,"href":"https:\/\/www.interaccionnoticias.com.mx\/index.php?rest_route=%2Fwp%2Fv2%2Ftags&post=7775"}],"curies":[{"name":"wp","href":"https:\/\/api.w.org\/{rel}","templated":true}]}}