{"id":77747,"date":"2024-05-23T13:31:47","date_gmt":"2024-05-23T18:31:47","guid":{"rendered":"https:\/\/www.interaccionnoticias.com.mx\/?p=77747"},"modified":"2024-05-23T13:31:50","modified_gmt":"2024-05-23T18:31:50","slug":"candidato-del-mc-se-desmarca-del-ataque-denunciado-por-la-alcaldesa-de-xalpatlahuac","status":"publish","type":"post","link":"https:\/\/www.interaccionnoticias.com.mx\/?p=77747","title":{"rendered":"Candidato del MC se desmarca del ataque denunciado por la alcaldesa de Xalpatlahuac"},"content":{"rendered":"\n<p><strong><em>&#8212; Ram\u00f3n Lorenzo C\u00e1rdenas sostiene que Selene Sotelo Maldonado no tiene pruebas de lo que dice<\/em><\/strong><\/p>\n\n\n\n<p><strong>Yasm\u00edn Garc\u00eda<\/strong><\/p>\n\n\n\n<p>El candidato a la presidencia municipal de Xalpatl\u00e1huac por Movimiento Ciudadano (MC), Ram\u00f3n Lorenzo C\u00e1rdenas se desmarc\u00f3 del ataque sufrido por la alcaldesa Selene Sotelo Maldonado en la comunidad de Zacatipa, en el que hubo disparos de arma de fuego y un polic\u00eda result\u00f3 herido.<\/p>\n\n\n\n<p>El abanderado del movimiento naranja emiti\u00f3 un comunicado la ma\u00f1ana del jueves, en el que sostiene que no tienen ninguna relaci\u00f3n con los hechos registrados la noche del martes en Zacatlipa, a pesar de que la alcaldesa Sotelo Maldonado lo acusa de manera directa.<\/p>\n\n\n\n<p>El mi\u00e9rcoles 21 de mayo, la tambi\u00e9n candidata a la relecci\u00f3n por parte del PRI, acus\u00ed a Ram\u00f3n Lorenzo de lo que pueda sucederle a ella, su familia y su equipo de colaborares.<\/p>\n\n\n\n<p>Sotelo asegura que Lorenzo C\u00e1rdenas est\u00e1 detr\u00e1s de la polic\u00eda comunitaria, que desde octubre de 2021 la expuls\u00f3 de la cabecera municipal y le impide despachar desde el Ayuntamiento.<\/p>\n\n\n\n<p>En los casi tres a\u00f1os de su gesti\u00f3nm dijo que ha sufrido cinco ataques, de todos ellos responsabiliz\u00f3 al abanderado del MC.<\/p>\n\n\n\n<p>Ram\u00f3n Lorenzo sostuvo que se trata de acusaciones nfundadas ya que hasta el momento, Sotelo Maldonado no presenta pruebas.<\/p>\n\n\n\n<p>\u201cEs importante subrayar que en ning\u00fan momento he estado involucrado en la planificaci\u00f3n, ejecuci\u00f3n o promoci\u00f3n de actos violentos en contra de la candidata Selene Sotelo Maldonado o cualquier otro candidato\/a. Tales acusaciones carecen por completo de fundamento y no se sustentan en ning\u00fan tipo de evidencia o prueba concreta\u00bb, dice el comunicado.<\/p>\n\n\n\n<p>Reclam\u00f3 que es irresponsable e injusto se\u00f1alarlo sin aportar pruebas, lo que no genera confianza en el proceso electoral.<\/p>\n\n\n\n<p>Pidi\u00f3 a las autoridades competentes que realicen una investigaci\u00f3n exhaustiva y objetiva para esclarecer los hechos, tambi\u00e9n para sancionar a los responsables.<\/p>\n\n\n\n<div class=\"wp-block-jetpack-slideshow aligncenter\" data-effect=\"slide\"><div class=\"wp-block-jetpack-slideshow_container swiper-container\"><ul class=\"wp-block-jetpack-slideshow_swiper-wrapper swiper-wrapper\"><li class=\"wp-block-jetpack-slideshow_slide swiper-slide\"><figure><img decoding=\"async\" src=\"data:image\/gif;base64,R0lGODlhAQABAIAAAAAAAP\/\/\/ywAAAAAAQABAAACAUwAOw==\" fifu-lazy=\"1\" fifu-data-sizes=\"auto\" fifu-data-srcset=\"https:\/\/i3.wp.com\/www.interaccionnoticias.com.mx\/wp-content\/uploads\/2024\/05\/240523-CC-Movimiento-Ciudadano-MC.jpg?ssl=1&w=75&resize=75&ssl=1 75w, https:\/\/i3.wp.com\/www.interaccionnoticias.com.mx\/wp-content\/uploads\/2024\/05\/240523-CC-Movimiento-Ciudadano-MC.jpg?ssl=1&w=100&resize=100&ssl=1 100w, https:\/\/i3.wp.com\/www.interaccionnoticias.com.mx\/wp-content\/uploads\/2024\/05\/240523-CC-Movimiento-Ciudadano-MC.jpg?ssl=1&w=150&resize=150&ssl=1 150w, https:\/\/i3.wp.com\/www.interaccionnoticias.com.mx\/wp-content\/uploads\/2024\/05\/240523-CC-Movimiento-Ciudadano-MC.jpg?ssl=1&w=240&resize=240&ssl=1 240w, https:\/\/i3.wp.com\/www.interaccionnoticias.com.mx\/wp-content\/uploads\/2024\/05\/240523-CC-Movimiento-Ciudadano-MC.jpg?ssl=1&w=320&resize=320&ssl=1 320w, https:\/\/i3.wp.com\/www.interaccionnoticias.com.mx\/wp-content\/uploads\/2024\/05\/240523-CC-Movimiento-Ciudadano-MC.jpg?ssl=1&w=500&resize=500&ssl=1 500w, https:\/\/i3.wp.com\/www.interaccionnoticias.com.mx\/wp-content\/uploads\/2024\/05\/240523-CC-Movimiento-Ciudadano-MC.jpg?ssl=1&w=640&resize=640&ssl=1 640w, https:\/\/i3.wp.com\/www.interaccionnoticias.com.mx\/wp-content\/uploads\/2024\/05\/240523-CC-Movimiento-Ciudadano-MC.jpg?ssl=1&w=800&resize=800&ssl=1 800w, https:\/\/i3.wp.com\/www.interaccionnoticias.com.mx\/wp-content\/uploads\/2024\/05\/240523-CC-Movimiento-Ciudadano-MC.jpg?ssl=1&w=1024&resize=1024&ssl=1 1024w, https:\/\/i3.wp.com\/www.interaccionnoticias.com.mx\/wp-content\/uploads\/2024\/05\/240523-CC-Movimiento-Ciudadano-MC.jpg?ssl=1&w=1280&resize=1280&ssl=1 1280w, https:\/\/i3.wp.com\/www.interaccionnoticias.com.mx\/wp-content\/uploads\/2024\/05\/240523-CC-Movimiento-Ciudadano-MC.jpg?ssl=1&w=1600&resize=1600&ssl=1 1600w\" alt=\"\" class=\"wp-block-jetpack-slideshow_image wp-image-77748\" data-id=\"77748\" fifu-data-src=\"https:\/\/i3.wp.com\/www.interaccionnoticias.com.mx\/wp-content\/uploads\/2024\/05\/240523-CC-Movimiento-Ciudadano-MC.jpg?ssl=1\"\/><\/figure><\/li><\/ul><a class=\"wp-block-jetpack-slideshow_button-prev swiper-button-prev swiper-button-white\" role=\"button\"><\/a><a class=\"wp-block-jetpack-slideshow_button-next swiper-button-next swiper-button-white\" role=\"button\"><\/a><a aria-label=\"Pause Slideshow\" class=\"wp-block-jetpack-slideshow_button-pause\" role=\"button\"><\/a><div class=\"wp-block-jetpack-slideshow_pagination swiper-pagination swiper-pagination-white\"><\/div><\/div><\/div>\n","protected":false},"excerpt":{"rendered":"<p>&#8212; Ram\u00f3n Lorenzo C\u00e1rdenas sostiene que Selene Sotelo Maldonado no tiene pruebas de lo que dice Yasm\u00edn Garc\u00eda El candidato a la presidencia municipal de Xalpatl\u00e1huac por Movimiento Ciudadano (MC),&hellip; <\/p>\n","protected":false},"author":32,"featured_media":77749,"comment_status":"open","ping_status":"open","sticky":false,"template":"","format":"standard","meta":{"fifu_image_url":"","fifu_image_alt":"","footnotes":""},"categories":[21],"tags":[],"class_list":["post-77747","post","type-post","status-publish","format-standard","has-post-thumbnail","hentry","category-politica"],"_links":{"self":[{"href":"https:\/\/www.interaccionnoticias.com.mx\/index.php?rest_route=\/wp\/v2\/posts\/77747","targetHints":{"allow":["GET"]}}],"collection":[{"href":"https:\/\/www.interaccionnoticias.com.mx\/index.php?rest_route=\/wp\/v2\/posts"}],"about":[{"href":"https:\/\/www.interaccionnoticias.com.mx\/index.php?rest_route=\/wp\/v2\/types\/post"}],"author":[{"embeddable":true,"href":"https:\/\/www.interaccionnoticias.com.mx\/index.php?rest_route=\/wp\/v2\/users\/32"}],"replies":[{"embeddable":true,"href":"https:\/\/www.interaccionnoticias.com.mx\/index.php?rest_route=%2Fwp%2Fv2%2Fcomments&post=77747"}],"version-history":[{"count":1,"href":"https:\/\/www.interaccionnoticias.com.mx\/index.php?rest_route=\/wp\/v2\/posts\/77747\/revisions"}],"predecessor-version":[{"id":77750,"href":"https:\/\/www.interaccionnoticias.com.mx\/index.php?rest_route=\/wp\/v2\/posts\/77747\/revisions\/77750"}],"wp:featuredmedia":[{"embeddable":true,"href":"https:\/\/www.interaccionnoticias.com.mx\/index.php?rest_route=\/wp\/v2\/media\/77749"}],"wp:attachment":[{"href":"https:\/\/www.interaccionnoticias.com.mx\/index.php?rest_route=%2Fwp%2Fv2%2Fmedia&parent=77747"}],"wp:term":[{"taxonomy":"category","embeddable":true,"href":"https:\/\/www.interaccionnoticias.com.mx\/index.php?rest_route=%2Fwp%2Fv2%2Fcategories&post=77747"},{"taxonomy":"post_tag","embeddable":true,"href":"https:\/\/www.interaccionnoticias.com.mx\/index.php?rest_route=%2Fwp%2Fv2%2Ftags&post=77747"}],"curies":[{"name":"wp","href":"https:\/\/api.w.org\/{rel}","templated":true}]}}