{"id":77726,"date":"2024-05-22T20:49:45","date_gmt":"2024-05-23T01:49:45","guid":{"rendered":"https:\/\/www.interaccionnoticias.com.mx\/?p=77726"},"modified":"2024-05-22T20:49:47","modified_gmt":"2024-05-23T01:49:47","slug":"pide-mc-que-la-federacion-asuma-la-vigilancia-de-las-elecciones","status":"publish","type":"post","link":"https:\/\/www.interaccionnoticias.com.mx\/?p=77726","title":{"rendered":"Pide MC que la federaci\u00f3n asuma la vigilancia de las elecciones"},"content":{"rendered":"\n<p><strong><em>&#8212; Autoridades estatales y municipales, de acuerdo con Juli\u00e1n L\u00f3pez Galeana, est\u00e1n rebasadas<\/em><\/strong><\/p>\n\n\n\n<p><strong>Rogelio Agust\u00edn<\/strong><\/p>\n\n\n\n<p>El dirigente estatal de Movimiento Ciudadano (MC), Juli\u00e1n L\u00f3pez Galeana sostuvo que es la federaci\u00f3n la que debe asumir la responsabilidad de garantizar el desarrollo de las elecciones del 2 de junio, ya que est\u00e1 demostrado que las autoridades municipales y estatales se encuentran rebasadas por la delincuencia organizada.<\/p>\n\n\n\n<p>L\u00f3pez Galeana indic\u00f3 que es muy claro, que la contienda electoral que est\u00e1 en curso, requiere de la atenci\u00f3n del Gobierno de la Rep\u00fablica, para garantizar que los comicios se desarrollen en paz, sin que los grupos del crimen organizado influyan.<\/p>\n\n\n\n<p>Aclar\u00f3 que no se trata de descalificar, pero insisti\u00f3 en que \u201clas autoridades locales est\u00e1n completamente rebasadas por el crimen organizado\u201d.<\/p>\n\n\n\n<p>En el caso de Guerrero, destac\u00f3 que hay casos muy evidentes como la Tierra Caliente, algunos municipio de la Costa Chica y la regi\u00f3n Norte.<\/p>\n\n\n\n<p>Pese a los problemas que se enfrentan, L\u00f3pez Galeana sostuvo que MC est\u00e1 en condiciones de tener representantes en los 28 distritos que integran la entidad.<\/p>\n\n\n\n<p>Hasta el momento, dijo que solamente sus candidatos a s\u00edndicos y regidores decidieron dejar de hacer campa\u00f1a en Las Vigas, municipio ubicado en la Costa Chica.<\/p>\n\n\n\n<p>Explic\u00f3 que los candidatos en Las Vigas solamente suspendieron sus actividades de campa\u00f1a, pero no renunciaron y por lo tanto, es un hecho que aparecer\u00e1n en la boleta el pr\u00f3ximo 2 de junio.<\/p>\n","protected":false},"excerpt":{"rendered":"<p>&#8212; Autoridades estatales y municipales, de acuerdo con Juli\u00e1n L\u00f3pez Galeana, est\u00e1n rebasadas Rogelio Agust\u00edn El dirigente estatal de Movimiento Ciudadano (MC), Juli\u00e1n L\u00f3pez Galeana sostuvo que es la federaci\u00f3n&hellip; <\/p>\n","protected":false},"author":21,"featured_media":77727,"comment_status":"open","ping_status":"open","sticky":false,"template":"","format":"standard","meta":{"fifu_image_url":"","fifu_image_alt":"","footnotes":""},"categories":[21],"tags":[],"class_list":["post-77726","post","type-post","status-publish","format-standard","has-post-thumbnail","hentry","category-politica"],"_links":{"self":[{"href":"https:\/\/www.interaccionnoticias.com.mx\/index.php?rest_route=\/wp\/v2\/posts\/77726","targetHints":{"allow":["GET"]}}],"collection":[{"href":"https:\/\/www.interaccionnoticias.com.mx\/index.php?rest_route=\/wp\/v2\/posts"}],"about":[{"href":"https:\/\/www.interaccionnoticias.com.mx\/index.php?rest_route=\/wp\/v2\/types\/post"}],"author":[{"embeddable":true,"href":"https:\/\/www.interaccionnoticias.com.mx\/index.php?rest_route=\/wp\/v2\/users\/21"}],"replies":[{"embeddable":true,"href":"https:\/\/www.interaccionnoticias.com.mx\/index.php?rest_route=%2Fwp%2Fv2%2Fcomments&post=77726"}],"version-history":[{"count":1,"href":"https:\/\/www.interaccionnoticias.com.mx\/index.php?rest_route=\/wp\/v2\/posts\/77726\/revisions"}],"predecessor-version":[{"id":77728,"href":"https:\/\/www.interaccionnoticias.com.mx\/index.php?rest_route=\/wp\/v2\/posts\/77726\/revisions\/77728"}],"wp:featuredmedia":[{"embeddable":true,"href":"https:\/\/www.interaccionnoticias.com.mx\/index.php?rest_route=\/wp\/v2\/media\/77727"}],"wp:attachment":[{"href":"https:\/\/www.interaccionnoticias.com.mx\/index.php?rest_route=%2Fwp%2Fv2%2Fmedia&parent=77726"}],"wp:term":[{"taxonomy":"category","embeddable":true,"href":"https:\/\/www.interaccionnoticias.com.mx\/index.php?rest_route=%2Fwp%2Fv2%2Fcategories&post=77726"},{"taxonomy":"post_tag","embeddable":true,"href":"https:\/\/www.interaccionnoticias.com.mx\/index.php?rest_route=%2Fwp%2Fv2%2Ftags&post=77726"}],"curies":[{"name":"wp","href":"https:\/\/api.w.org\/{rel}","templated":true}]}}