{"id":77705,"date":"2024-05-22T16:59:30","date_gmt":"2024-05-22T21:59:30","guid":{"rendered":"https:\/\/www.interaccionnoticias.com.mx\/?p=77705"},"modified":"2024-05-22T16:59:32","modified_gmt":"2024-05-22T21:59:32","slug":"el-candidato-a-presidente-municipal-de-mc-victor-martinez-toledo-denuncio-que-no-puede-realizar-campana-en-las-comunidades-del-valle-y-la-sierra","status":"publish","type":"post","link":"https:\/\/www.interaccionnoticias.com.mx\/?p=77705","title":{"rendered":"El candidato a presidente municipal de MC, Victor Mart\u00ednez Toledo denunci\u00f3 que no puede realizar campa\u00f1a en las comunidades del Valle y la Sierra"},"content":{"rendered":"\n<p><strong><em>&#8212; Solo Alejandro Arcos Catal\u00e1n, de la coalici\u00f3n PRI-PRD-PAN puede hacer campa\u00f1a en El Valle y la Sierra, pero con un \u00abpermiso\u00bb<br>&#8212; Jorge Salgado Parra, de MORENA-PT y PVEM recorri\u00f3 los pueblos santos, en la parte alta de la Sierra<\/em><\/strong><\/p>\n\n\n\n<p><strong>Yasm\u00edn Garc\u00eda<\/strong><\/p>\n\n\n\n<p>El candidato de Movimiento Ciudadano (MC) a la alcald\u00eda de Chilpancingo, V\u00edctor Mart\u00ednez Toledo lament\u00f3 que no pueda realizar campa\u00f1a en las comunidades, espec\u00edficamente en el Valle de El Ocotito y la Sierra.<\/p>\n\n\n\n<p>Recrimin\u00f3 que el \u00fanico candidato que puede realizar campa\u00f1a en la zona rural del municipio es el candidato de la alianza PRI-PRD-PAN, Alejandro Arcos Catal\u00e1n, aunque se sabe que por medio de un \u201cpermiso\u201d, sin especificar en qu\u00e9 consiste ni quien lo otorga.<\/p>\n\n\n\n<p>Agreg\u00f3 que el candidato de la coalici\u00f3n MORENA-PVEM-PT, Jorge Salgado Parra ya recorri\u00f3 los pueblos santos, ubicados en la parte de la Sierra del mismo municipio.<\/p>\n\n\n\n<p>\u201cSolamente \u00e9l (Alejandro Arcos) tiene autorizaci\u00f3n, nosotros no, salvo acuerdo como el que saca el candidato de MORENA, Jorge Salgado que ya subi\u00f3 a los pueblos santos, quisi\u00e9ramos preguntarle \u00bfCon qui\u00e9n sac\u00f3 permiso? Porque nosotros no podemos hacer campa\u00f1a\u201d, reproch\u00f3.<\/p>\n\n\n\n<p>Aunque fue cuestionado, Mart\u00ednez Toledo se neg\u00f3 a especificar quien o quienes le han impedido realizar campa\u00f1a en las comunidades, no obstante, asegur\u00f3 que es informaci\u00f3n que le hicieron llegar a sus coordinadores de campa\u00f1a.<\/p>\n\n\n\n<p>La advertencia de no ir hacia las zonas rurales, manifest\u00f3 que se le hizo llegar desde el 20 de abril, cuando iniciaba su campa\u00f1a.<\/p>\n\n\n\n<p>\u201cQuisi\u00e9ramos el voto de las comunidades con mayor poblaci\u00f3n, como Tepechicotlan, Petaquillas, Mazatl\u00e1n y El Ocotito, ojal\u00e1 tengan la libertad de decidir, porque en las comunidades peque\u00f1as ya hubo diagn\u00f3stico de que el voto ser\u00e1 coaccionado\u201d, revel\u00f3.<\/p>\n\n\n\n<p>El emecista asegur\u00f3 que el Instituto Electoral y de Participaci\u00f3n Ciudadana (IEPC) tiene conocimiento de la situaci\u00f3n, por eso demand\u00f3 poner atenci\u00f3n y cuidado en el proceso electoral, para no aceptar \u201ccasillas zapatos\u201d, que beneficien a un solo candidato.<\/p>\n\n\n\n<p>\u201cLo saben las autoridades, no hay lonas, ning\u00fan tipo de propaganda de otros candidatos\u201d, apunt\u00f3.<\/p>\n\n\n\n<p>Mart\u00ednez Toledo no cuenta con medidas de seguridad en sus recorridos en las colonias de la periferia de Chilpancingo.<\/p>\n\n\n\n<p>Se dijo confiado en el trabajo pol\u00edtico que ha realizado en el municipio lo que le dar\u00e1 votos el pr\u00f3ximo 2 de junio.<\/p>\n","protected":false},"excerpt":{"rendered":"<p>&#8212; Solo Alejandro Arcos Catal\u00e1n, de la coalici\u00f3n PRI-PRD-PAN puede hacer campa\u00f1a en El Valle y la Sierra, pero con un \u00abpermiso\u00bb&#8212; Jorge Salgado Parra, de MORENA-PT y PVEM recorri\u00f3&hellip; <\/p>\n","protected":false},"author":32,"featured_media":77706,"comment_status":"open","ping_status":"open","sticky":false,"template":"","format":"standard","meta":{"fifu_image_url":"","fifu_image_alt":"","footnotes":""},"categories":[21],"tags":[],"class_list":["post-77705","post","type-post","status-publish","format-standard","has-post-thumbnail","hentry","category-politica"],"_links":{"self":[{"href":"https:\/\/www.interaccionnoticias.com.mx\/index.php?rest_route=\/wp\/v2\/posts\/77705","targetHints":{"allow":["GET"]}}],"collection":[{"href":"https:\/\/www.interaccionnoticias.com.mx\/index.php?rest_route=\/wp\/v2\/posts"}],"about":[{"href":"https:\/\/www.interaccionnoticias.com.mx\/index.php?rest_route=\/wp\/v2\/types\/post"}],"author":[{"embeddable":true,"href":"https:\/\/www.interaccionnoticias.com.mx\/index.php?rest_route=\/wp\/v2\/users\/32"}],"replies":[{"embeddable":true,"href":"https:\/\/www.interaccionnoticias.com.mx\/index.php?rest_route=%2Fwp%2Fv2%2Fcomments&post=77705"}],"version-history":[{"count":1,"href":"https:\/\/www.interaccionnoticias.com.mx\/index.php?rest_route=\/wp\/v2\/posts\/77705\/revisions"}],"predecessor-version":[{"id":77707,"href":"https:\/\/www.interaccionnoticias.com.mx\/index.php?rest_route=\/wp\/v2\/posts\/77705\/revisions\/77707"}],"wp:featuredmedia":[{"embeddable":true,"href":"https:\/\/www.interaccionnoticias.com.mx\/index.php?rest_route=\/wp\/v2\/media\/77706"}],"wp:attachment":[{"href":"https:\/\/www.interaccionnoticias.com.mx\/index.php?rest_route=%2Fwp%2Fv2%2Fmedia&parent=77705"}],"wp:term":[{"taxonomy":"category","embeddable":true,"href":"https:\/\/www.interaccionnoticias.com.mx\/index.php?rest_route=%2Fwp%2Fv2%2Fcategories&post=77705"},{"taxonomy":"post_tag","embeddable":true,"href":"https:\/\/www.interaccionnoticias.com.mx\/index.php?rest_route=%2Fwp%2Fv2%2Ftags&post=77705"}],"curies":[{"name":"wp","href":"https:\/\/api.w.org\/{rel}","templated":true}]}}