{"id":77656,"date":"2024-05-21T19:02:01","date_gmt":"2024-05-22T00:02:01","guid":{"rendered":"https:\/\/www.interaccionnoticias.com.mx\/?p=77656"},"modified":"2024-05-21T19:02:04","modified_gmt":"2024-05-22T00:02:04","slug":"no-hagan-otro-tipo-de-acuerdos-dice-jorge-salgado-a-sus-competidores-en-chilpancingo","status":"publish","type":"post","link":"https:\/\/www.interaccionnoticias.com.mx\/?p=77656","title":{"rendered":"\u201cNo hagan otro tipo de acuerdos\u201d, dice Jorge Salgado a sus competidores en Chilpancingo"},"content":{"rendered":"\n<p><strong><em>&#8212; El candidato de la coalici\u00f3n MORENA-PT y PVEM sostiene que el municipio ya tiene muchos problemas, como para generarle m\u00e1s<\/em><\/strong><\/p>\n\n\n\n<p><strong>Rogelio Agust\u00edn<\/strong><\/p>\n\n\n\n<p>\u201cNo hagan otro tipo de acuerdos que no son los correctos, Chilpancingo tiene muchos problemas como para generarle m\u00e1s\u201d, demand\u00f3 a sus competidores el candidato de la coalici\u00f3n MORENA-PT-PVEM, Jorge Salgdo Parra.<\/p>\n\n\n\n<p>En un encuentro con los medios de comunicaci\u00f3n, Salgado Parra sostuvo que no considera la posibilidad de requerir alg\u00fan tipo de seguridad personal, pues hasta el momento ha caminado por comunidades, colonias populares y barrios tradicionales sin tener ninguna clase de problemas.<\/p>\n\n\n\n<p>Manifest\u00f3 que se conocen alg\u00fan tipo de presiones, incluso, mencion\u00f3 la existencia de una brigada de personas que ten\u00edan como \u00fanica misi\u00f3n retirar su propaganda pol\u00edtica, pero siempre hizo un llamado a sus seguidores a no caer en ning\u00fan tipo de provocaci\u00f3n.<\/p>\n\n\n\n<p>El ex diputado local, hizo un llamado a sus dos contendientes por la alcald\u00eda capitalina, V\u00edctor Mart\u00ednez Toledo del Movimiento Ciudadano (MC) y Alejandro Arcos Catal\u00e1n a \u201cserenarnos todos y mantener la calma\u201d.<\/p>\n\n\n\n<p>Inclsuo hizo un llamado para evitar que factores ajenos a la pol\u00edtica se involucren en la contienda: \u201cNo hagan otro tipo de acuerds que no son los correctos, los acuerdos deben ser con la gente\u201d.<\/p>\n\n\n\n<p>Agreg\u00f3: \u201cTenemos muchos problemas en Chilpancingo como para generarle m\u00e1s\u201d.<\/p>\n\n\n\n<p>Reconoci\u00f3 que existe la versi\u00f3n de que alguno de los participantes tiene un pacto con actores externos, pero sostuvo que se trata solo de un rumor en el que no profundizar\u00e1.<\/p>\n\n\n\n<p>Reconoci\u00f3 que hasta este martes 21 de mayo, cuando faltan 8 d\u00edas para el cierre de su campa\u00f1a no ha visitado la zona del Valle, lo que implica que no ha visitado comunidades como El Ocotito; Mohoneras, Cajeles, Cajelitos, Buenavista de la Salud, El Rinc\u00f3n de la V\u00eda y dos caminos.<\/p>\n\n\n\n<p>Sin embargo, destac\u00f3 que se encuentra listo para entrar a dicha microrregi\u00f3n, donde record\u00f3 que tiene un trabajo muy reconocido por los habitantes durante los momentos en que ha sido diputado local y federal.<\/p>\n\n\n\n<p>Sostuvo que no enfrenta ning\u00fan tipo de amenaza, que hasta el momeno no ha solicitado la asignaci\u00f3n de personal de seguridad para su resguardo y que ya no piensa hacerlo, porque la campa\u00f1a est\u00e1 entrando a la recta final.<\/p>\n\n\n\n<p>Lo que s\u00ed plante\u00f3, es que las autoridades correspondientes hagan lo necesario para que la elecci\u00f3n del 2 de junio se desarrolle en un clima de paz, sin ning\u00fan tipo de sobresaltos.<\/p>\n","protected":false},"excerpt":{"rendered":"<p>&#8212; El candidato de la coalici\u00f3n MORENA-PT y PVEM sostiene que el municipio ya tiene muchos problemas, como para generarle m\u00e1s Rogelio Agust\u00edn \u201cNo hagan otro tipo de acuerdos que&hellip; <\/p>\n","protected":false},"author":21,"featured_media":77657,"comment_status":"open","ping_status":"open","sticky":false,"template":"","format":"standard","meta":{"fifu_image_url":"","fifu_image_alt":"","footnotes":""},"categories":[21],"tags":[],"class_list":["post-77656","post","type-post","status-publish","format-standard","has-post-thumbnail","hentry","category-politica"],"_links":{"self":[{"href":"https:\/\/www.interaccionnoticias.com.mx\/index.php?rest_route=\/wp\/v2\/posts\/77656","targetHints":{"allow":["GET"]}}],"collection":[{"href":"https:\/\/www.interaccionnoticias.com.mx\/index.php?rest_route=\/wp\/v2\/posts"}],"about":[{"href":"https:\/\/www.interaccionnoticias.com.mx\/index.php?rest_route=\/wp\/v2\/types\/post"}],"author":[{"embeddable":true,"href":"https:\/\/www.interaccionnoticias.com.mx\/index.php?rest_route=\/wp\/v2\/users\/21"}],"replies":[{"embeddable":true,"href":"https:\/\/www.interaccionnoticias.com.mx\/index.php?rest_route=%2Fwp%2Fv2%2Fcomments&post=77656"}],"version-history":[{"count":1,"href":"https:\/\/www.interaccionnoticias.com.mx\/index.php?rest_route=\/wp\/v2\/posts\/77656\/revisions"}],"predecessor-version":[{"id":77658,"href":"https:\/\/www.interaccionnoticias.com.mx\/index.php?rest_route=\/wp\/v2\/posts\/77656\/revisions\/77658"}],"wp:featuredmedia":[{"embeddable":true,"href":"https:\/\/www.interaccionnoticias.com.mx\/index.php?rest_route=\/wp\/v2\/media\/77657"}],"wp:attachment":[{"href":"https:\/\/www.interaccionnoticias.com.mx\/index.php?rest_route=%2Fwp%2Fv2%2Fmedia&parent=77656"}],"wp:term":[{"taxonomy":"category","embeddable":true,"href":"https:\/\/www.interaccionnoticias.com.mx\/index.php?rest_route=%2Fwp%2Fv2%2Fcategories&post=77656"},{"taxonomy":"post_tag","embeddable":true,"href":"https:\/\/www.interaccionnoticias.com.mx\/index.php?rest_route=%2Fwp%2Fv2%2Ftags&post=77656"}],"curies":[{"name":"wp","href":"https:\/\/api.w.org\/{rel}","templated":true}]}}