{"id":77650,"date":"2024-05-21T15:15:28","date_gmt":"2024-05-21T20:15:28","guid":{"rendered":"https:\/\/www.interaccionnoticias.com.mx\/?p=77650"},"modified":"2024-05-21T15:15:30","modified_gmt":"2024-05-21T20:15:30","slug":"llama-jorge-salgado-a-sus-opositores-a-conducirse-con-paz-y-tranquilidad-en-lo-que-resta-del-proceso-electoral","status":"publish","type":"post","link":"https:\/\/www.interaccionnoticias.com.mx\/?p=77650","title":{"rendered":"Llama Jorge Salgado a sus opositores a conducirse con paz y tranquilidad en lo que resta del proceso electoral"},"content":{"rendered":"\n<p><strong><em>&#8212; Anuncia que visitar\u00e1 los pueblos del Valle del Ocotito el pr\u00f3ximo fin de semana<\/em><\/strong><\/p>\n\n\n\n<p><strong>Rosario Garc\u00eda Orozco<\/strong><\/p>\n\n\n\n<p>El candidato de la coalici\u00f3n \u00abSeguiremos haciendo historia\u00bb, que integran los partidos Morena-PT-PVEM, Jorge Salgado Parra, a la alcald\u00eda de Chilpancingo, convoc\u00f3 a los actores pol\u00edticos y a los candidatos de los otros partidos y alianzas a concluir las campa\u00f1as pol\u00edticas en paz, para generar confianza entre los electores y que la elecci\u00f3n se pueda llevar a cabo de manera tranquila.<\/p>\n\n\n\n<p>Dijo que a nueve d\u00edas de la elecci\u00f3n concurrente, para elegir al presidente de la Rep\u00fablica, diputados federales, diputados locales y presidentes municipales, es importante que los contendientes en ese proceso electoral sean garantes de la paz.<\/p>\n\n\n\n<p>En conferencia de prensa, lament\u00f3 los recientes hechos de violencia registrados en algunos puntos del estado, y en los que candidatos a cargos de elecci\u00f3n popular han sido v\u00edctimas de agresiones, amenazas y hasta homicidios, \u00absabemos de algunos caso de violencia en Chilpancingo, por eso el llamado es a que abonemos a la paz y la tranquilidad\u00bb.<\/p>\n\n\n\n<p>El candidato a la Presidencia Municipal de Chilpancingo por Morena tambi\u00e9n anunci\u00f3 que acudir\u00e1 el pr\u00f3ximo fin de semana a las comunidades del Valle del Ocotito, a pesar de que recientemente el dirigente estatal de Morena, Jacinto Gonz\u00e1lez Varona, declar\u00f3 que los candidatos de ese partido no han podido ingresar a esa zona.<\/p>\n\n\n\n<p>Salgado Parra asegur\u00f3 que hasta este momento tanto \u00e9l como su equipo de campa\u00f1a han hecho campa\u00f1a sin problemas en el resto del territorio, \u00abhemos visitado a las colonias y comunidades de la zona de Sierra de Chilpancingo y nos han recibido muy bien\u00bb.<\/p>\n\n\n\n<p>Explic\u00f3 que por esa raz\u00f3n, hasta este momento, no ha considerado necesario solicitar alguna medida cautelar para el recorrido que llevar\u00e1 en el Valle del Ocotito. \u00abYo la considero una zona tranquila, en la que se puede transitar libremente\u00bb.<\/p>\n\n\n\n<p>El morenista tambi\u00e9n comparti\u00f3 con los representantes de los medios de comunicaci\u00f3n que durante la \u00faltima semana ha tenido contacto con la presidenta municipal de Chilpancingo, Norma Otilia Hern\u00e1ndez Mart\u00ednez, quien le ha ratificado el respaldo a su candidatura.<\/p>\n","protected":false},"excerpt":{"rendered":"<p>&#8212; Anuncia que visitar\u00e1 los pueblos del Valle del Ocotito el pr\u00f3ximo fin de semana Rosario Garc\u00eda Orozco El candidato de la coalici\u00f3n \u00abSeguiremos haciendo historia\u00bb, que integran los partidos&hellip; <\/p>\n","protected":false},"author":14,"featured_media":77651,"comment_status":"open","ping_status":"open","sticky":false,"template":"","format":"standard","meta":{"fifu_image_url":"","fifu_image_alt":"","footnotes":""},"categories":[21],"tags":[],"class_list":["post-77650","post","type-post","status-publish","format-standard","has-post-thumbnail","hentry","category-politica"],"_links":{"self":[{"href":"https:\/\/www.interaccionnoticias.com.mx\/index.php?rest_route=\/wp\/v2\/posts\/77650","targetHints":{"allow":["GET"]}}],"collection":[{"href":"https:\/\/www.interaccionnoticias.com.mx\/index.php?rest_route=\/wp\/v2\/posts"}],"about":[{"href":"https:\/\/www.interaccionnoticias.com.mx\/index.php?rest_route=\/wp\/v2\/types\/post"}],"author":[{"embeddable":true,"href":"https:\/\/www.interaccionnoticias.com.mx\/index.php?rest_route=\/wp\/v2\/users\/14"}],"replies":[{"embeddable":true,"href":"https:\/\/www.interaccionnoticias.com.mx\/index.php?rest_route=%2Fwp%2Fv2%2Fcomments&post=77650"}],"version-history":[{"count":1,"href":"https:\/\/www.interaccionnoticias.com.mx\/index.php?rest_route=\/wp\/v2\/posts\/77650\/revisions"}],"predecessor-version":[{"id":77652,"href":"https:\/\/www.interaccionnoticias.com.mx\/index.php?rest_route=\/wp\/v2\/posts\/77650\/revisions\/77652"}],"wp:featuredmedia":[{"embeddable":true,"href":"https:\/\/www.interaccionnoticias.com.mx\/index.php?rest_route=\/wp\/v2\/media\/77651"}],"wp:attachment":[{"href":"https:\/\/www.interaccionnoticias.com.mx\/index.php?rest_route=%2Fwp%2Fv2%2Fmedia&parent=77650"}],"wp:term":[{"taxonomy":"category","embeddable":true,"href":"https:\/\/www.interaccionnoticias.com.mx\/index.php?rest_route=%2Fwp%2Fv2%2Fcategories&post=77650"},{"taxonomy":"post_tag","embeddable":true,"href":"https:\/\/www.interaccionnoticias.com.mx\/index.php?rest_route=%2Fwp%2Fv2%2Ftags&post=77650"}],"curies":[{"name":"wp","href":"https:\/\/api.w.org\/{rel}","templated":true}]}}