{"id":77628,"date":"2024-05-20T20:52:55","date_gmt":"2024-05-21T01:52:55","guid":{"rendered":"https:\/\/www.interaccionnoticias.com.mx\/?p=77628"},"modified":"2024-05-20T20:52:58","modified_gmt":"2024-05-21T01:52:58","slug":"acertada-la-reforma-para-tipificar-el-delito-de-extorsion-como-grave-omar-elias-azar","status":"publish","type":"post","link":"https:\/\/www.interaccionnoticias.com.mx\/?p=77628","title":{"rendered":"Acertada la reforma para tipificar el delito de extorsi\u00f3n como grave: Omar El\u00edas Azar"},"content":{"rendered":"\n<p><strong><em>&#8212; Empresarios conf\u00edan en que de esa manera se pueda reducir la comisi\u00f3n de ese delito<\/em><\/strong><\/p>\n\n\n\n<p><strong>Rosario Garc\u00eda Orozco<\/strong><\/p>\n\n\n\n<p>Los empresarios recibieron de buena manera la determinaci\u00f3n del Congreso Local de reformar la Ley Estatal y tipificar la extorsi\u00f3n o cobro de piso, como delito grave, \u00abEs una inquietud que se present\u00f3 al Poder Legislativo desde hace 8 a\u00f1os\u00bb, declar\u00f3 Omar El\u00edas Azar Herrera, Presidente del Consejo Coordinador Empresarial (CEE).<\/p>\n\n\n\n<p>Coment\u00f3 que el delito de extorsi\u00f3n en ciudades como Chilpancingo, Zihuatanejo y Taxco no se registraba hace 8 a\u00f1os \u201ccon la intensidad que ya est\u00e1 en el puerto de Acapulco\u201d, donde padecen el \u00abcobro de piso\u00bb los due\u00f1os de negocios desde un puesto de venta de tamales o dulces, hasta empresas grandes.<\/p>\n\n\n\n<p>Calific\u00f3 la iniciativa recientemente aprobada por los legisladores de Guerrero como \u201cacertada\u201d al considerar que ser\u00e1 un buen mecanismo \u201cpara que se pueda inhibir el tema de la extorsi\u00f3n\u201d, el cual remarco ha ido al alza en los \u00faltimos a\u00f1os.<\/p>\n\n\n\n<p>\u00abNo podemos tapar el sol con un dedo, este delito ha ido a la alza, est\u00e1 descontrolado, cabe mencionar lo que se sabe la extorsi\u00f3n en contra de distribuidores de pollo, en algunos otros lugares el aguacate, el lim\u00f3n, y negocios varios, de servicios, de atenci\u00f3n a clientes, creo que a nivel federal, por lo que si creo que se ha tomado una buena decisi\u00f3n, han escuchado la voz ciudadana, la voz del sector empresarial y productivo\u201d, sostuvo el dirigente del CEE.<\/p>\n\n\n\n<p>Dijo que de esa manera se cuenta con mayores posibilidades para que la Fiscal\u00eda General de Justicia \u00abhaga la parte que le toca, que es la investigaci\u00f3n de este delito, as\u00ed como las detenciones de los responsables y se pueda llegar al castigo a los delincuentes\u00bb.<\/p>\n\n\n\n<p>De esta manera, asegur\u00f3, ser\u00e1 posible que disminuya la comisi\u00f3n de ese delito, pero sobre todo que no se caiga en un vac\u00edo legal, \u201csuele pasar, suele suceder, pero tambi\u00e9n habr\u00e1 una observaci\u00f3n de la ciudadan\u00eda en general para que no se pervierta la autoridad y no se pase desapercibida esta realidad jur\u00eddica\u00bb.<\/p>\n\n\n\n<p>Agreg\u00f3 que es necesario que se cuente con un \u00e1rea especial que atienda los casos de extorsi\u00f3n, como sucede con otros sectores como los j\u00f3venes, la comunidad ind\u00edgena, y las mujeres entre otros, es decir, que pueda haber un Ministerio P\u00fablico que atienda al sector productivo.<\/p>\n\n\n\n<p>\u201cPorque en algunas ocasiones, no se\u00f1alamos que est\u00e9n involucrados todos los elementos de la ministerial ser\u00eda una locura, ser\u00eda una irresponsabilidad, pero lamentablemente cuando alg\u00fan comerciante, un empresario, cuando sale de las oficinas de agencias del Ministerio P\u00fablico, de manera inmediata muchas veces han sido llamados v\u00eda telef\u00f3nica y amenazados dici\u00e9ndoles, que ten\u00edan el conocimiento de que interpusieron alguna querella al MP\u201d, puntualiz\u00f3.<\/p>\n\n\n\n<p>Por esa raz\u00f3n, mencion\u00f3 Azar Herrera, se ha ocasionado que la denuncia se inhiba por parte de las v\u00edctimas, siendo este tema un planteamiento que se le hizo en su momento al fiscal Jes\u00fas Torres, para que lo analice jur\u00eddicamente, y buscar estrategias que permitan que se realicen las denuncias sin que los denunciantes corran doble peligro.<\/p>\n","protected":false},"excerpt":{"rendered":"<p>&#8212; Empresarios conf\u00edan en que de esa manera se pueda reducir la comisi\u00f3n de ese delito Rosario Garc\u00eda Orozco Los empresarios recibieron de buena manera la determinaci\u00f3n del Congreso Local&hellip; <\/p>\n","protected":false},"author":14,"featured_media":68267,"comment_status":"open","ping_status":"open","sticky":false,"template":"","format":"standard","meta":{"fifu_image_url":"","fifu_image_alt":"","footnotes":""},"categories":[29],"tags":[],"class_list":["post-77628","post","type-post","status-publish","format-standard","has-post-thumbnail","hentry","category-sociedad"],"_links":{"self":[{"href":"https:\/\/www.interaccionnoticias.com.mx\/index.php?rest_route=\/wp\/v2\/posts\/77628","targetHints":{"allow":["GET"]}}],"collection":[{"href":"https:\/\/www.interaccionnoticias.com.mx\/index.php?rest_route=\/wp\/v2\/posts"}],"about":[{"href":"https:\/\/www.interaccionnoticias.com.mx\/index.php?rest_route=\/wp\/v2\/types\/post"}],"author":[{"embeddable":true,"href":"https:\/\/www.interaccionnoticias.com.mx\/index.php?rest_route=\/wp\/v2\/users\/14"}],"replies":[{"embeddable":true,"href":"https:\/\/www.interaccionnoticias.com.mx\/index.php?rest_route=%2Fwp%2Fv2%2Fcomments&post=77628"}],"version-history":[{"count":1,"href":"https:\/\/www.interaccionnoticias.com.mx\/index.php?rest_route=\/wp\/v2\/posts\/77628\/revisions"}],"predecessor-version":[{"id":77629,"href":"https:\/\/www.interaccionnoticias.com.mx\/index.php?rest_route=\/wp\/v2\/posts\/77628\/revisions\/77629"}],"wp:featuredmedia":[{"embeddable":true,"href":"https:\/\/www.interaccionnoticias.com.mx\/index.php?rest_route=\/wp\/v2\/media\/68267"}],"wp:attachment":[{"href":"https:\/\/www.interaccionnoticias.com.mx\/index.php?rest_route=%2Fwp%2Fv2%2Fmedia&parent=77628"}],"wp:term":[{"taxonomy":"category","embeddable":true,"href":"https:\/\/www.interaccionnoticias.com.mx\/index.php?rest_route=%2Fwp%2Fv2%2Fcategories&post=77628"},{"taxonomy":"post_tag","embeddable":true,"href":"https:\/\/www.interaccionnoticias.com.mx\/index.php?rest_route=%2Fwp%2Fv2%2Ftags&post=77628"}],"curies":[{"name":"wp","href":"https:\/\/api.w.org\/{rel}","templated":true}]}}