{"id":77587,"date":"2024-05-20T14:49:04","date_gmt":"2024-05-20T19:49:04","guid":{"rendered":"https:\/\/www.interaccionnoticias.com.mx\/?p=77587"},"modified":"2024-05-20T14:49:06","modified_gmt":"2024-05-20T19:49:06","slug":"prd-niega-que-sus-candidatos-a-las-alcaldias-de-san-marcos-y-las-vigas-esten-fuera-del-proceso","status":"publish","type":"post","link":"https:\/\/www.interaccionnoticias.com.mx\/?p=77587","title":{"rendered":"PRD niega que sus candidatos a las alcald\u00edas de San Marcos y Las Vigas est\u00e9n fuera del proceso"},"content":{"rendered":"\n<p><strong><em>&#8212; Aunque s\u00ed pausaron sus campa\u00f1a, tras las amenazas que recibieron la semana pasada<\/em><\/strong><\/p>\n\n\n\n<p><strong>Rogelio Agust\u00edn<\/strong><\/p>\n\n\n\n<p>El dirigente estatal del PRD, Alberto Catal\u00e1n Bastida precis\u00f3 que a pesar de las amenazas dirigidas en su contra, los candidatos a las alcald\u00edas de San Marcos y Las Vigas se mantienen en la contienda, por lo de demand\u00f3 a las autoridades que garanticen su integridad personal durante los ultimos dias de campa\u00f1a.<\/p>\n\n\n\n<p>La semana pasada, el abanderado del partido del sol azteca en San Marcos, Crist\u00f3bal Salgado Agat\u00f3n y su similar del vecino municipio de Las Vigas, dieron a conocer que pausar\u00edan sus recorridos de campa\u00f1a ante una serie de amenazas de muerte recibidas por desconocidos.<\/p>\n\n\n\n<p>Este lunes, Catal\u00e1n Bastida destac\u00f3 que efectivamente, ambos candidatos han pausado sus actividades de proselitismo, por lo que se est\u00e1 a la espera de que las autoridades correspondientes les otorguen las garant\u00edas necesarias para poder retomar sus trabajos en lo que resta del periodo de campa\u00f1a.<\/p>\n\n\n\n<p>Catal\u00e1n Bastida refiri\u00f3 que le provoca extra\u00f1esa lo sucedido en ambos municipios ubicados en Costa Chica, ya que esa es considerada como una de las zonas m\u00e1s seguras de la entidad.<\/p>\n\n\n\n<p>Aclar\u00f3 que los dos candidatos a las presidencias municipales no han renunciado ante el Instituto El\u00e9ctoral y de Participaci\u00f3n Ciudadana (IEPC), por lo que van a estar en la boleta el pr\u00f3ximo 2 de junio.<\/p>\n\n\n\n<p>Lo que en estos momentos est\u00e1 detenido, es el trabajo de promoci\u00f3n del voto, pero no implica que hayan declinado a participar en la elecci\u00f3n.<\/p>\n\n\n\n<p>Adem\u00e1s de las medidas de seguridad para los candidatos, el dirigente estatal del Sol Azteca solicit\u00f3 que haya garant\u00edas para la poblaci\u00f3n, adem\u00e1s de que se tomen medidas para el adecuado desarrollo de los comicios el domingo 2 de junio.<\/p>\n\n\n\n<p>Hasta el momento, el PRD consideraba como focos rojos la regi\u00f3n de la Tierra Caliente y la Costa Grande, pero no hab\u00eda manifestado alguna preocupaci\u00f3n en la Costa Chica.<\/p>\n","protected":false},"excerpt":{"rendered":"<p>&#8212; Aunque s\u00ed pausaron sus campa\u00f1a, tras las amenazas que recibieron la semana pasada Rogelio Agust\u00edn El dirigente estatal del PRD, Alberto Catal\u00e1n Bastida precis\u00f3 que a pesar de las&hellip; <\/p>\n","protected":false},"author":21,"featured_media":77588,"comment_status":"open","ping_status":"open","sticky":false,"template":"","format":"standard","meta":{"fifu_image_url":"","fifu_image_alt":"","footnotes":""},"categories":[21],"tags":[],"class_list":["post-77587","post","type-post","status-publish","format-standard","has-post-thumbnail","hentry","category-politica"],"_links":{"self":[{"href":"https:\/\/www.interaccionnoticias.com.mx\/index.php?rest_route=\/wp\/v2\/posts\/77587","targetHints":{"allow":["GET"]}}],"collection":[{"href":"https:\/\/www.interaccionnoticias.com.mx\/index.php?rest_route=\/wp\/v2\/posts"}],"about":[{"href":"https:\/\/www.interaccionnoticias.com.mx\/index.php?rest_route=\/wp\/v2\/types\/post"}],"author":[{"embeddable":true,"href":"https:\/\/www.interaccionnoticias.com.mx\/index.php?rest_route=\/wp\/v2\/users\/21"}],"replies":[{"embeddable":true,"href":"https:\/\/www.interaccionnoticias.com.mx\/index.php?rest_route=%2Fwp%2Fv2%2Fcomments&post=77587"}],"version-history":[{"count":1,"href":"https:\/\/www.interaccionnoticias.com.mx\/index.php?rest_route=\/wp\/v2\/posts\/77587\/revisions"}],"predecessor-version":[{"id":77589,"href":"https:\/\/www.interaccionnoticias.com.mx\/index.php?rest_route=\/wp\/v2\/posts\/77587\/revisions\/77589"}],"wp:featuredmedia":[{"embeddable":true,"href":"https:\/\/www.interaccionnoticias.com.mx\/index.php?rest_route=\/wp\/v2\/media\/77588"}],"wp:attachment":[{"href":"https:\/\/www.interaccionnoticias.com.mx\/index.php?rest_route=%2Fwp%2Fv2%2Fmedia&parent=77587"}],"wp:term":[{"taxonomy":"category","embeddable":true,"href":"https:\/\/www.interaccionnoticias.com.mx\/index.php?rest_route=%2Fwp%2Fv2%2Fcategories&post=77587"},{"taxonomy":"post_tag","embeddable":true,"href":"https:\/\/www.interaccionnoticias.com.mx\/index.php?rest_route=%2Fwp%2Fv2%2Ftags&post=77587"}],"curies":[{"name":"wp","href":"https:\/\/api.w.org\/{rel}","templated":true}]}}