{"id":77573,"date":"2024-05-19T20:45:39","date_gmt":"2024-05-20T01:45:39","guid":{"rendered":"https:\/\/www.interaccionnoticias.com.mx\/?p=77573"},"modified":"2024-05-19T21:06:17","modified_gmt":"2024-05-20T02:06:17","slug":"ejecutan-a-dos-hombres-en-acapulco-4","status":"publish","type":"post","link":"https:\/\/www.interaccionnoticias.com.mx\/?p=77573","title":{"rendered":"Ejecutan a dos hombres en Acapulco"},"content":{"rendered":"\n<p><strong><em>&#8212; Uno fue desmembrado<br>&#8212; La otra v\u00edctima iba envuelta en una alfombra<\/em><\/strong><\/p>\n\n\n\n<p><strong>Javier Trujillo<\/strong><\/p>\n\n\n\n<p><strong>Acapulco, Gro. &#8211; Dos<\/strong> hombres fueron ultimados, uno fue desmembrado, la madrugada de este domingo en dos colonias del puerto de Acapulco.<\/p>\n\n\n\n<p>En las inmediaciones del viaducto Diamante, fue localizado el cad\u00e1ver de un hombre, envuelto en una alfombra de pasto sint\u00e9tico, y abandonado en la cajuela de un veh\u00edculo del servicio p\u00fablico.<\/p>\n\n\n\n<p>Cerca de la medianoche se report\u00f3 que en la v\u00eda de cuota, en el acotamiento, antes de llegar a la caseta de La Venta de la Autopista del Sol, fue abandonada la unidad con el cuerpo de un sujeto.<\/p>\n\n\n\n<p>Casi a la misma hora, en la calle Sim\u00f3n Bol\u00edvar,en la colonia La Pradera, parte alta de la Emiliano Zapata, se reportaron restos humanos en bolsas de pl\u00e1stico negro, en el punto conocido como EL Manguito.<\/p>\n\n\n\n<p>Fue a trav\u00e9s del Servicio de Emergencia del 911, que se alert\u00f3 a las autoridades del hecho de violencia, aproximadamente a las 23:30 horas, muy cerca de la parada de autobuses del transporte p\u00fablico.<\/p>\n\n\n\n<p>En ambos casos arribaron autoridades de las diferentes corporaciones policiales y de la Guardia Nacional, quienes acordonaron el \u00e1rea y esperaron que se realizaran las primeras diligencias de ley.<\/p>\n\n\n\n<p>Posteriormente se inform\u00f3 que personal del Servicio M\u00e9dico Forense (SEMEFO), realiz\u00f3 el levantamiento cadav\u00e9rico y su traslado a la morgue que se encuentra ubicada en El Quemado, ambas v\u00edctimas van en calidad de desconocidos.<\/p>\n","protected":false},"excerpt":{"rendered":"<p>&#8212; Uno fue desmembrado&#8212; La otra v\u00edctima iba envuelta en una alfombra Javier Trujillo Acapulco, Gro. &#8211; Dos hombres fueron ultimados, uno fue desmembrado, la madrugada de este domingo en&hellip; <\/p>\n","protected":false},"author":3,"featured_media":77574,"comment_status":"open","ping_status":"open","sticky":false,"template":"","format":"standard","meta":{"fifu_image_url":"","fifu_image_alt":"","footnotes":""},"categories":[27],"tags":[],"class_list":["post-77573","post","type-post","status-publish","format-standard","has-post-thumbnail","hentry","category-seguridad-publica"],"_links":{"self":[{"href":"https:\/\/www.interaccionnoticias.com.mx\/index.php?rest_route=\/wp\/v2\/posts\/77573","targetHints":{"allow":["GET"]}}],"collection":[{"href":"https:\/\/www.interaccionnoticias.com.mx\/index.php?rest_route=\/wp\/v2\/posts"}],"about":[{"href":"https:\/\/www.interaccionnoticias.com.mx\/index.php?rest_route=\/wp\/v2\/types\/post"}],"author":[{"embeddable":true,"href":"https:\/\/www.interaccionnoticias.com.mx\/index.php?rest_route=\/wp\/v2\/users\/3"}],"replies":[{"embeddable":true,"href":"https:\/\/www.interaccionnoticias.com.mx\/index.php?rest_route=%2Fwp%2Fv2%2Fcomments&post=77573"}],"version-history":[{"count":2,"href":"https:\/\/www.interaccionnoticias.com.mx\/index.php?rest_route=\/wp\/v2\/posts\/77573\/revisions"}],"predecessor-version":[{"id":77577,"href":"https:\/\/www.interaccionnoticias.com.mx\/index.php?rest_route=\/wp\/v2\/posts\/77573\/revisions\/77577"}],"wp:featuredmedia":[{"embeddable":true,"href":"https:\/\/www.interaccionnoticias.com.mx\/index.php?rest_route=\/wp\/v2\/media\/77574"}],"wp:attachment":[{"href":"https:\/\/www.interaccionnoticias.com.mx\/index.php?rest_route=%2Fwp%2Fv2%2Fmedia&parent=77573"}],"wp:term":[{"taxonomy":"category","embeddable":true,"href":"https:\/\/www.interaccionnoticias.com.mx\/index.php?rest_route=%2Fwp%2Fv2%2Fcategories&post=77573"},{"taxonomy":"post_tag","embeddable":true,"href":"https:\/\/www.interaccionnoticias.com.mx\/index.php?rest_route=%2Fwp%2Fv2%2Ftags&post=77573"}],"curies":[{"name":"wp","href":"https:\/\/api.w.org\/{rel}","templated":true}]}}