{"id":77569,"date":"2024-05-19T18:10:37","date_gmt":"2024-05-19T23:10:37","guid":{"rendered":"https:\/\/www.interaccionnoticias.com.mx\/?p=77569"},"modified":"2024-05-19T18:10:39","modified_gmt":"2024-05-19T23:10:39","slug":"exige-el-centro-de-derechos-humanos-tlachinollan-a-las-autoridades-la-localizacion-del-nino-javier-modesto-moreno","status":"publish","type":"post","link":"https:\/\/www.interaccionnoticias.com.mx\/?p=77569","title":{"rendered":"Exige el Centro de Derechos Humanos Tlachinollan a las autoridades la localizaci\u00f3n del ni\u00f1o Javier Modesto Moreno"},"content":{"rendered":"\n<p><em><strong>&#8212; El ni\u00f1o de tres a\u00f1os desapareci\u00f3 el 15 de mayo en la comunidad del Jaguey, municipio de Romita, Guanajuato<\/strong><\/em><\/p>\n\n\n\n<p><strong>Yasm\u00edn Garc\u00eda<\/strong><\/p>\n\n\n\n<p>El Centro de Derechos Humanos de la Monta\u00f1a Tlachinollan denunci\u00f3 la desaparici\u00f3n del menor, Javier Modesto Moreno, de tres a\u00f1os de edad, en la comunidad del Jaguey, municipio de la Romita, Guanajuato.<\/p>\n\n\n\n<p>Los padres del menor trabajan como jornaleros agr\u00edcolas en el corte de tomatillo en el estado de Guanajuato.<\/p>\n\n\n\n<p>El menor de edad es hijo de Anselmo Modesto Mart\u00ednez y Maura Moreno Agust\u00edn, originarios de Joya del Real, municipio de Cochoapa el Grande, en la Monta\u00f1a de Guerrero.<\/p>\n\n\n\n<p>En un comunicado, el Centro de Derechos Humanos Tlachinollan explic\u00f3 que el menor desapareci\u00f3 desde el 15 de mayo.<\/p>\n\n\n\n<p>\u00abEran alrededor de las 5 de la tarde cuando sus padres se encontraban trabajando en el corte de tomatillo en el Rancho Granjeno, ubicado en la comunidad de Jaguey\u201d, dice el comunicado.<\/p>\n\n\n\n<p>El ni\u00f1o Javier estaba sentado bajo la sombra de un \u00e1rbol y a un costado estaba estacionado un veh\u00edculo, propiedad de sus padres, al llegar donde dejaron al ni\u00f1o, a unos 50 metros, ya no lo encontraron.<\/p>\n\n\n\n<p>Despu\u00e9s de la desaparici\u00f3n del menor, comenzaron una b\u00fasqueda al rededor del lugar, pero no localizaron a Javier.<\/p>\n\n\n\n<p>El Centro Tlachinollan inform\u00f3 que los padres vieron pasar a unas personas a bordo de una motoneta y \u00abdos veh\u00edculos m\u00e1s\u00bb, por lo que sospechan que el menor fue sustra\u00eddo por algunas de estas personas.<\/p>\n\n\n\n<p>Exigi\u00f3 a las Fiscal\u00edas de Guerrero y Guanajuato trabajar en conjunto para localizar al menor.<\/p>\n\n\n\n<p>\u00abLos padres de Javier est\u00e1n muy preocupados por la integridad de su hijo. Hay mucha inseguridad en la zona por grupos del crimen organizado, en hechos anteriores las familias jornaleras han sido v\u00edctimas de robo de sus veh\u00edculos por delincuentes, por temor a represalias no denuncian los hechos\u00bb.<\/p>\n\n\n\n<p>Detallaron que Javier mide medio metro de estatura, es de complexi\u00f3n delgada, color de piel blanca, cabello lacio y negro.<\/p>\n\n\n\n<p>Al momento de su desaparici\u00f3n portaba una camisa roja, trusa roja sin pantal\u00f3n, ni calzado.<\/p>\n\n\n\n<div class=\"wp-block-jetpack-slideshow aligncenter\" data-effect=\"slide\"><div class=\"wp-block-jetpack-slideshow_container swiper-container\"><ul class=\"wp-block-jetpack-slideshow_swiper-wrapper swiper-wrapper\"><li class=\"wp-block-jetpack-slideshow_slide swiper-slide\"><figure><img decoding=\"async\" src=\"data:image\/gif;base64,R0lGODlhAQABAIAAAAAAAP\/\/\/ywAAAAAAQABAAACAUwAOw==\" fifu-lazy=\"1\" fifu-data-sizes=\"auto\" fifu-data-srcset=\"https:\/\/i2.wp.com\/www.interaccionnoticias.com.mx\/wp-content\/uploads\/2024\/05\/240519-Tlachinollan-748x1024.jpg?ssl=1&w=75&resize=75&ssl=1 75w, https:\/\/i2.wp.com\/www.interaccionnoticias.com.mx\/wp-content\/uploads\/2024\/05\/240519-Tlachinollan-748x1024.jpg?ssl=1&w=100&resize=100&ssl=1 100w, https:\/\/i2.wp.com\/www.interaccionnoticias.com.mx\/wp-content\/uploads\/2024\/05\/240519-Tlachinollan-748x1024.jpg?ssl=1&w=150&resize=150&ssl=1 150w, https:\/\/i2.wp.com\/www.interaccionnoticias.com.mx\/wp-content\/uploads\/2024\/05\/240519-Tlachinollan-748x1024.jpg?ssl=1&w=240&resize=240&ssl=1 240w, https:\/\/i2.wp.com\/www.interaccionnoticias.com.mx\/wp-content\/uploads\/2024\/05\/240519-Tlachinollan-748x1024.jpg?ssl=1&w=320&resize=320&ssl=1 320w, https:\/\/i2.wp.com\/www.interaccionnoticias.com.mx\/wp-content\/uploads\/2024\/05\/240519-Tlachinollan-748x1024.jpg?ssl=1&w=500&resize=500&ssl=1 500w, https:\/\/i2.wp.com\/www.interaccionnoticias.com.mx\/wp-content\/uploads\/2024\/05\/240519-Tlachinollan-748x1024.jpg?ssl=1&w=640&resize=640&ssl=1 640w, https:\/\/i2.wp.com\/www.interaccionnoticias.com.mx\/wp-content\/uploads\/2024\/05\/240519-Tlachinollan-748x1024.jpg?ssl=1&w=800&resize=800&ssl=1 800w, https:\/\/i2.wp.com\/www.interaccionnoticias.com.mx\/wp-content\/uploads\/2024\/05\/240519-Tlachinollan-748x1024.jpg?ssl=1&w=1024&resize=1024&ssl=1 1024w, https:\/\/i2.wp.com\/www.interaccionnoticias.com.mx\/wp-content\/uploads\/2024\/05\/240519-Tlachinollan-748x1024.jpg?ssl=1&w=1280&resize=1280&ssl=1 1280w, https:\/\/i2.wp.com\/www.interaccionnoticias.com.mx\/wp-content\/uploads\/2024\/05\/240519-Tlachinollan-748x1024.jpg?ssl=1&w=1600&resize=1600&ssl=1 1600w\" alt=\"\" class=\"wp-block-jetpack-slideshow_image wp-image-77571\" data-id=\"77571\" fifu-data-src=\"https:\/\/i2.wp.com\/www.interaccionnoticias.com.mx\/wp-content\/uploads\/2024\/05\/240519-Tlachinollan-748x1024.jpg?ssl=1\"\/><\/figure><\/li><\/ul><a class=\"wp-block-jetpack-slideshow_button-prev swiper-button-prev swiper-button-white\" role=\"button\"><\/a><a class=\"wp-block-jetpack-slideshow_button-next swiper-button-next swiper-button-white\" role=\"button\"><\/a><a aria-label=\"Pause Slideshow\" class=\"wp-block-jetpack-slideshow_button-pause\" role=\"button\"><\/a><div class=\"wp-block-jetpack-slideshow_pagination swiper-pagination swiper-pagination-white\"><\/div><\/div><\/div>\n","protected":false},"excerpt":{"rendered":"<p>&#8212; El ni\u00f1o de tres a\u00f1os desapareci\u00f3 el 15 de mayo en la comunidad del Jaguey, municipio de Romita, Guanajuato Yasm\u00edn Garc\u00eda El Centro de Derechos Humanos de la Monta\u00f1a&hellip; <\/p>\n","protected":false},"author":32,"featured_media":77570,"comment_status":"open","ping_status":"open","sticky":false,"template":"","format":"standard","meta":{"fifu_image_url":"","fifu_image_alt":"","footnotes":""},"categories":[29],"tags":[],"class_list":["post-77569","post","type-post","status-publish","format-standard","has-post-thumbnail","hentry","category-sociedad"],"_links":{"self":[{"href":"https:\/\/www.interaccionnoticias.com.mx\/index.php?rest_route=\/wp\/v2\/posts\/77569","targetHints":{"allow":["GET"]}}],"collection":[{"href":"https:\/\/www.interaccionnoticias.com.mx\/index.php?rest_route=\/wp\/v2\/posts"}],"about":[{"href":"https:\/\/www.interaccionnoticias.com.mx\/index.php?rest_route=\/wp\/v2\/types\/post"}],"author":[{"embeddable":true,"href":"https:\/\/www.interaccionnoticias.com.mx\/index.php?rest_route=\/wp\/v2\/users\/32"}],"replies":[{"embeddable":true,"href":"https:\/\/www.interaccionnoticias.com.mx\/index.php?rest_route=%2Fwp%2Fv2%2Fcomments&post=77569"}],"version-history":[{"count":1,"href":"https:\/\/www.interaccionnoticias.com.mx\/index.php?rest_route=\/wp\/v2\/posts\/77569\/revisions"}],"predecessor-version":[{"id":77572,"href":"https:\/\/www.interaccionnoticias.com.mx\/index.php?rest_route=\/wp\/v2\/posts\/77569\/revisions\/77572"}],"wp:featuredmedia":[{"embeddable":true,"href":"https:\/\/www.interaccionnoticias.com.mx\/index.php?rest_route=\/wp\/v2\/media\/77570"}],"wp:attachment":[{"href":"https:\/\/www.interaccionnoticias.com.mx\/index.php?rest_route=%2Fwp%2Fv2%2Fmedia&parent=77569"}],"wp:term":[{"taxonomy":"category","embeddable":true,"href":"https:\/\/www.interaccionnoticias.com.mx\/index.php?rest_route=%2Fwp%2Fv2%2Fcategories&post=77569"},{"taxonomy":"post_tag","embeddable":true,"href":"https:\/\/www.interaccionnoticias.com.mx\/index.php?rest_route=%2Fwp%2Fv2%2Ftags&post=77569"}],"curies":[{"name":"wp","href":"https:\/\/api.w.org\/{rel}","templated":true}]}}