{"id":7747,"date":"2017-09-05T18:38:31","date_gmt":"2017-09-05T23:38:31","guid":{"rendered":"http:\/\/www.inter-accion.com.mx\/?p=7747"},"modified":"2017-09-05T18:38:31","modified_gmt":"2017-09-05T23:38:31","slug":"un-muerto-un-herido-y-varios-levantados-en-chilapa-durante-la-jornada-de-martes","status":"publish","type":"post","link":"https:\/\/www.interaccionnoticias.com.mx\/?p=7747","title":{"rendered":"Un muerto, un herido y varios levantados en Chilapa, durante la jornada de martes"},"content":{"rendered":"<p>\u00d1\u00f1fecha,&nbsp;seg\u00fan \u00abSiempre vivos\u00bb&nbsp;<br \/>\nLa jornada del martes, en Chilapa se registraron enfrentamientos armados que dejaron el saldo de un muerto, un herido y varios secuestrados.<br \/>\nDe acuerdo con el vocero del Grupo de Coordinaci\u00f3n Guerrero (GCG), Roberto Alvarez Heredia, alrededor de las 12:00 horas, en la calle 11 Sur, del barrio de San Rafael, de la cabecera municipal de Chilapa se registr\u00f3 un enfrentamiento entre civiles armados, en donde de primera instancia se encontr\u00f3 un veh\u00edculo Vento, marca Volkswagen color gris, con placas HCZ-4865, del estado de Guerrero volteado con las llantas hacia el cielo.<br \/>\nDentro de dicho veh\u00edculo, en el asiento del conductor estaba el cad\u00e1ver de un hombre, en tanto que en el del copiloto hab\u00eda un joven herido de bala, el cual fue trasladado al hospital general de la misma ciudad e condiciones graves.<br \/>\nEl lesionado ingres\u00f3 al hospital con dos heridas de bala, una en la cabeza y otra en el t\u00f3rax, la polic\u00eda lo mantiene bajo resguardo porque en el veh\u00edculo atacado encontraron un rifle de asalto AK-47.<br \/>\nM\u00e1s tarde, alrededor de las 15:00 horas, vecinos de la comunidad de Acaxatla, reportaron que en un camino de terracer\u00eda se encontr\u00f3 un veh\u00edculo tipo chevy de color rojo, placas MEV-11-22 del Estado de M\u00e9xico, al cual se le observan varios balazos en su carrocer\u00eda.<br \/>\nEn las puertas de la unidad observaron manchas de sangre, pero no se obtuvieron indicios sobre los ocupantes.<br \/>\nEn la comunidad de Acaxatla, la polic\u00eda no logr\u00f3 conseguir informaci\u00f3n sobre las victimas del levant\u00f3n, raz\u00f3n por lo que se puso en marcha un operativo de b\u00fasqueda.<br \/>\nHasta la jornada del lunes, el colectivo Siempre Vivos, que representa el profesor Jos\u00e9 D\u00edaz Navarro llevaba un recuento de 173 v\u00edctimas de asesinato en Chilapa en lo que va del a\u00f1o.<br \/>\nSi se suman los cuatro cr\u00edmenes que se registraron durante las jornadas del lunes y martes, el num\u00e9rico crecer\u00eda a 177.<br \/>\nDesde la ma\u00f1ana del viernes la violencia se recrudeci\u00f3 en la cabecera municipal de Chilapa, el vocero de Siempre Vivos sostiene que se debe al presunto regreso a la zona del jefe de plaza de \u201cLos Rojos\u201d, Zen\u00e9n Nava Hern\u00e1ndez.<\/p>\n","protected":false},"excerpt":{"rendered":"<p>\u00d1\u00f1fecha,&nbsp;seg\u00fan \u00abSiempre vivos\u00bb&nbsp; La jornada del martes, en Chilapa se registraron enfrentamientos armados que dejaron el saldo de un muerto, un herido y varios secuestrados. De acuerdo con el vocero&hellip; <\/p>\n","protected":false},"author":1,"featured_media":0,"comment_status":"closed","ping_status":"closed","sticky":false,"template":"","format":"standard","meta":{"fifu_image_url":"","fifu_image_alt":"","footnotes":""},"categories":[8,27],"tags":[],"class_list":["post-7747","post","type-post","status-publish","format-standard","hentry","category-featured","category-seguridad-publica"],"_links":{"self":[{"href":"https:\/\/www.interaccionnoticias.com.mx\/index.php?rest_route=\/wp\/v2\/posts\/7747","targetHints":{"allow":["GET"]}}],"collection":[{"href":"https:\/\/www.interaccionnoticias.com.mx\/index.php?rest_route=\/wp\/v2\/posts"}],"about":[{"href":"https:\/\/www.interaccionnoticias.com.mx\/index.php?rest_route=\/wp\/v2\/types\/post"}],"author":[{"embeddable":true,"href":"https:\/\/www.interaccionnoticias.com.mx\/index.php?rest_route=\/wp\/v2\/users\/1"}],"replies":[{"embeddable":true,"href":"https:\/\/www.interaccionnoticias.com.mx\/index.php?rest_route=%2Fwp%2Fv2%2Fcomments&post=7747"}],"version-history":[{"count":0,"href":"https:\/\/www.interaccionnoticias.com.mx\/index.php?rest_route=\/wp\/v2\/posts\/7747\/revisions"}],"wp:attachment":[{"href":"https:\/\/www.interaccionnoticias.com.mx\/index.php?rest_route=%2Fwp%2Fv2%2Fmedia&parent=7747"}],"wp:term":[{"taxonomy":"category","embeddable":true,"href":"https:\/\/www.interaccionnoticias.com.mx\/index.php?rest_route=%2Fwp%2Fv2%2Fcategories&post=7747"},{"taxonomy":"post_tag","embeddable":true,"href":"https:\/\/www.interaccionnoticias.com.mx\/index.php?rest_route=%2Fwp%2Fv2%2Ftags&post=7747"}],"curies":[{"name":"wp","href":"https:\/\/api.w.org\/{rel}","templated":true}]}}