{"id":77103,"date":"2024-05-06T19:07:05","date_gmt":"2024-05-07T00:07:05","guid":{"rendered":"https:\/\/www.interaccionnoticias.com.mx\/?p=77103"},"modified":"2024-05-06T19:07:08","modified_gmt":"2024-05-07T00:07:08","slug":"estoy-en-pausa-en-mi-candidatura-he-pedido-que-no-se-me-considere-como-candidato-dice-mario-moreno-arcos","status":"publish","type":"post","link":"https:\/\/www.interaccionnoticias.com.mx\/?p=77103","title":{"rendered":"\u201cEstoy en pausa en mi candidatura, he pedido que no se me considere como candidato\u201d, dice Mario Moreno Arcos"},"content":{"rendered":"\n<p><strong><em>&#8212; En su participaci\u00f3n ante empresarios y estudiantes hablo de la inseguridad que prevalece en la entidad y lament\u00f3 el asesinato de un joven que ocurri\u00f3 el d\u00eda de ayer cuando fue citado en la colonia Bur\u00f3cratas<\/em><\/strong><\/p>\n\n\n\n<p><strong>Yasm\u00edn Garc\u00eda<\/strong><\/p>\n\n\n\n<p>\u201cEstoy en pausa en mi candidatura, he pedido que no se me considere como candidato\u201d, pidi\u00f3 Mario Moreno Arcos a los asistentes al conversatorio \u201cDi\u00e1logos por la Democracia\u201d, realizado por empresarios afiliados el Centro Empresarial COPARMEX.<\/p>\n\n\n\n<p>En su participaci\u00f3n ante empresarios y estudiantes hablo de la inseguridad que prevalece en la entidad y lament\u00f3 el asesinato de un joven que ocurri\u00f3 el d\u00eda de ayer cuando fue citado en la colonia Bur\u00f3cratas cerca de la parroquia del Sagrado Coraz\u00f3n de Jes\u00fas.<\/p>\n\n\n\n<p>\u201cAyer el hijo de una amiga activista de Tixtla fue asesinado despu\u00e9s de que le robaron su moto, fue citado porque la vender\u00eda, es lamentable que los j\u00f3venes no pueden salir porque si lo hacen son victimas de asalto\u201d, reproch\u00f3.<\/p>\n\n\n\n<p>Moreno Arcos pidi\u00f3 en m\u00e1s de dos ocasiones a los asistentes y al presidente del Centro Empresarial COPARMEX Chilpancingo, Iv\u00e1n Salgado quien era el moderador no referirse a \u00e9l como candidato.<\/p>\n\n\n\n<p>El 1 de mayo el Consejo General del Instituto Nacional Electoral (INE) resolvi\u00f3 retirar el registro de la candidatura de Mario Moreno por la acci\u00f3n afirmativa de afromexicano.<\/p>\n\n\n\n<p>En respuesta Movimiento Ciudadano (MC) anunci\u00f3 que la acci\u00f3n afirmativa pasar\u00eda al estado de Oaxaca y Mario ser\u00eda registrado \u201csin acci\u00f3n afirmativa\u201d.<\/p>\n\n\n\n<p>En entrevista con medios de comunicaci\u00f3n, declar\u00f3 que el pr\u00f3ximo jueves el INE definir\u00e1 su situaci\u00f3n de registro.<\/p>\n\n\n\n<p>\u201cLo se\u00f1al\u00e9 que est\u00e1 en pausa (su candidatura) el d\u00eda jueves ya se define la situaci\u00f3n yo estoy debidamente apegado a los estatutos legales, estamos en espera de que los pr\u00f3ximos d\u00edas ya el INE resuelva y resuelva a nuestro favor\u201d, asegur\u00f3.<\/p>\n\n\n\n<p>Acept\u00f3 que estos d\u00edas que no podr\u00e1 realizar campa\u00f1a lo afectan, y advirti\u00f3 que junto a su equipo est\u00e1n analizando la estrategia que implementar\u00e1n para recuperar esos d\u00edas, \u201cse complica claro que se complica estamos armando una estrategia para frenar eso\u201d.<\/p>\n","protected":false},"excerpt":{"rendered":"<p>&#8212; En su participaci\u00f3n ante empresarios y estudiantes hablo de la inseguridad que prevalece en la entidad y lament\u00f3 el asesinato de un joven que ocurri\u00f3 el d\u00eda de ayer&hellip; <\/p>\n","protected":false},"author":32,"featured_media":77104,"comment_status":"open","ping_status":"open","sticky":false,"template":"","format":"standard","meta":{"fifu_image_url":"","fifu_image_alt":"","footnotes":""},"categories":[21],"tags":[],"class_list":["post-77103","post","type-post","status-publish","format-standard","has-post-thumbnail","hentry","category-politica"],"_links":{"self":[{"href":"https:\/\/www.interaccionnoticias.com.mx\/index.php?rest_route=\/wp\/v2\/posts\/77103","targetHints":{"allow":["GET"]}}],"collection":[{"href":"https:\/\/www.interaccionnoticias.com.mx\/index.php?rest_route=\/wp\/v2\/posts"}],"about":[{"href":"https:\/\/www.interaccionnoticias.com.mx\/index.php?rest_route=\/wp\/v2\/types\/post"}],"author":[{"embeddable":true,"href":"https:\/\/www.interaccionnoticias.com.mx\/index.php?rest_route=\/wp\/v2\/users\/32"}],"replies":[{"embeddable":true,"href":"https:\/\/www.interaccionnoticias.com.mx\/index.php?rest_route=%2Fwp%2Fv2%2Fcomments&post=77103"}],"version-history":[{"count":1,"href":"https:\/\/www.interaccionnoticias.com.mx\/index.php?rest_route=\/wp\/v2\/posts\/77103\/revisions"}],"predecessor-version":[{"id":77105,"href":"https:\/\/www.interaccionnoticias.com.mx\/index.php?rest_route=\/wp\/v2\/posts\/77103\/revisions\/77105"}],"wp:featuredmedia":[{"embeddable":true,"href":"https:\/\/www.interaccionnoticias.com.mx\/index.php?rest_route=\/wp\/v2\/media\/77104"}],"wp:attachment":[{"href":"https:\/\/www.interaccionnoticias.com.mx\/index.php?rest_route=%2Fwp%2Fv2%2Fmedia&parent=77103"}],"wp:term":[{"taxonomy":"category","embeddable":true,"href":"https:\/\/www.interaccionnoticias.com.mx\/index.php?rest_route=%2Fwp%2Fv2%2Fcategories&post=77103"},{"taxonomy":"post_tag","embeddable":true,"href":"https:\/\/www.interaccionnoticias.com.mx\/index.php?rest_route=%2Fwp%2Fv2%2Ftags&post=77103"}],"curies":[{"name":"wp","href":"https:\/\/api.w.org\/{rel}","templated":true}]}}