{"id":77100,"date":"2024-05-06T18:54:28","date_gmt":"2024-05-06T23:54:28","guid":{"rendered":"https:\/\/www.interaccionnoticias.com.mx\/?p=77100"},"modified":"2024-05-06T18:54:31","modified_gmt":"2024-05-06T23:54:31","slug":"denuncian-directores-de-telesecundarias-incumplimiento-de-la-seg-en-cambios-de-adscripcion","status":"publish","type":"post","link":"https:\/\/www.interaccionnoticias.com.mx\/?p=77100","title":{"rendered":"Denuncian directores de telesecundarias incumplimiento de la SEG en cambios de adscripci\u00f3n"},"content":{"rendered":"\n<p><strong><em>&#8212; Por esa situaci\u00f3n iniciaron un proceso jur\u00eddico y de esa manera hacer vales sus derechos laborales<\/em><\/strong><\/p>\n\n\n\n<p><strong>Rosario Garc\u00eda Orozco<\/strong><\/p>\n\n\n\n<p>Directores de telesecundarias denunciaron que la Secretar\u00eda de Educaci\u00f3n Guerrero (SEG), se niega a entregar cambios de adscripci\u00f3n de centros de trabajo, a pesar de que existe una resoluci\u00f3n por un juez de Distrito.<\/p>\n\n\n\n<p>En conferencia de prensa, personal educativo de las diferentes regiones de Guerrero detallaron que este proceso corresponde al ciclo escolar 2020-2021 pero de 22 espacios vacantes, la Unidad del Sistema de la Carrera de las Maestras y los Maestros (UESICAMM) solo otorg\u00f3 2 en todo el estado.<\/p>\n\n\n\n<p>Bernab\u00e9 Ben\u00edtez Felipe, director de la telesecundaria \u00abBenito Ju\u00e1rez\u00bb, del municipio de Ahuacuotzingo, coment\u00f3 que por la violaci\u00f3n a sus derechos laborales \u00abnos vimos en la necesidad de recurrir a la ruta legal\u00bb por la v\u00eda federal.<\/p>\n\n\n\n<p>Los inconformes explicaron que presentaron una denuncia ante el \u00d3rgano Interno de Control de la Secretar\u00eda de Educaci\u00f3n Guerrero el 01 de septiembre de 2020, \u00abpero solo recibimos largas por partes de las autoridades\u00bb interponiendo un juicio de amparo por considerar que hay violaci\u00f3n a nuestros derechos\u00bb.<\/p>\n\n\n\n<p>Gilberto Navarrete Hern\u00e1ndez, directivo de Leonardo Bravo, dijo que actualmente el proceso de encuentra en la Etapa Procesal de Ejecuci\u00f3n de Sentencia, en la cual las autoridades responsables han presentando dos proyectos, mismos que fueron desechados por la jueza en turno.<\/p>\n\n\n\n<p>En caso de no cumplirse con los cambios de adscripci\u00f3n de los centros de trabajo ratificado por un Tribunal Colegiado, \u00ablo que va a proceder es la etapa de inejecuci\u00f3n de sentencia\u00bb ante el Tribunal Colegiado con sede en Acapulco, lo que puede derivar en una multa, detenci\u00f3n por 36 horas (marcado en la Ley de Responsabilidades), o bien separaci\u00f3n del cargo que va desde un mes hasta un a\u00f1o, detallaron.<\/p>\n\n\n\n<p>Finalmente, adelantaron que solicitar\u00e1n una audiencia con la gobernadora, Evelyn Salgado Pineda y el secretario Educaci\u00f3n, Marcial Rodr\u00edguez Salda\u00f1a, para exponer directamente su demanda, pero que hasta el momento no les han dado fecha para reunirse con ellos.<\/p>\n","protected":false},"excerpt":{"rendered":"<p>&#8212; Por esa situaci\u00f3n iniciaron un proceso jur\u00eddico y de esa manera hacer vales sus derechos laborales Rosario Garc\u00eda Orozco Directores de telesecundarias denunciaron que la Secretar\u00eda de Educaci\u00f3n Guerrero&hellip; <\/p>\n","protected":false},"author":14,"featured_media":77101,"comment_status":"open","ping_status":"open","sticky":false,"template":"","format":"standard","meta":{"fifu_image_url":"","fifu_image_alt":"","footnotes":""},"categories":[21],"tags":[],"class_list":["post-77100","post","type-post","status-publish","format-standard","has-post-thumbnail","hentry","category-politica"],"_links":{"self":[{"href":"https:\/\/www.interaccionnoticias.com.mx\/index.php?rest_route=\/wp\/v2\/posts\/77100","targetHints":{"allow":["GET"]}}],"collection":[{"href":"https:\/\/www.interaccionnoticias.com.mx\/index.php?rest_route=\/wp\/v2\/posts"}],"about":[{"href":"https:\/\/www.interaccionnoticias.com.mx\/index.php?rest_route=\/wp\/v2\/types\/post"}],"author":[{"embeddable":true,"href":"https:\/\/www.interaccionnoticias.com.mx\/index.php?rest_route=\/wp\/v2\/users\/14"}],"replies":[{"embeddable":true,"href":"https:\/\/www.interaccionnoticias.com.mx\/index.php?rest_route=%2Fwp%2Fv2%2Fcomments&post=77100"}],"version-history":[{"count":1,"href":"https:\/\/www.interaccionnoticias.com.mx\/index.php?rest_route=\/wp\/v2\/posts\/77100\/revisions"}],"predecessor-version":[{"id":77102,"href":"https:\/\/www.interaccionnoticias.com.mx\/index.php?rest_route=\/wp\/v2\/posts\/77100\/revisions\/77102"}],"wp:featuredmedia":[{"embeddable":true,"href":"https:\/\/www.interaccionnoticias.com.mx\/index.php?rest_route=\/wp\/v2\/media\/77101"}],"wp:attachment":[{"href":"https:\/\/www.interaccionnoticias.com.mx\/index.php?rest_route=%2Fwp%2Fv2%2Fmedia&parent=77100"}],"wp:term":[{"taxonomy":"category","embeddable":true,"href":"https:\/\/www.interaccionnoticias.com.mx\/index.php?rest_route=%2Fwp%2Fv2%2Fcategories&post=77100"},{"taxonomy":"post_tag","embeddable":true,"href":"https:\/\/www.interaccionnoticias.com.mx\/index.php?rest_route=%2Fwp%2Fv2%2Ftags&post=77100"}],"curies":[{"name":"wp","href":"https:\/\/api.w.org\/{rel}","templated":true}]}}