{"id":77076,"date":"2024-05-06T14:30:35","date_gmt":"2024-05-06T19:30:35","guid":{"rendered":"https:\/\/www.interaccionnoticias.com.mx\/?p=77076"},"modified":"2024-05-06T14:30:37","modified_gmt":"2024-05-06T19:30:37","slug":"cumplen-ocho-dias-de-paro-laboral-trabajadores-de-la-clinica-de-la-uagro","status":"publish","type":"post","link":"https:\/\/www.interaccionnoticias.com.mx\/?p=77076","title":{"rendered":"Cumplen ocho d\u00edas de paro laboral trabajadores de la cl\u00ednica de la UAGro"},"content":{"rendered":"\n<p><strong><em>&#8212; Exigen la destituci\u00f3n de la encargada de la Unidad, Krystal Astudillo Salas<\/em><\/strong><\/p>\n\n\n\n<p><strong>Rosario Garc\u00eda Orozco<\/strong><\/p>\n\n\n\n<p>Trabajadores de la cl\u00ednica de la Universidad Aut\u00f3noma de Guerrero (UAGro) cumplieron ocho d\u00edas de paro laboral, en exigencia de la destituci\u00f3n de la encargada de esa \u00e1rea, Issis Kristal Astudillo Salas, a quien acusan de ejercer violencia laboral.<\/p>\n\n\n\n<p>Ra\u00fal Trujillo Ram\u00edrez, en representaci\u00f3n de los trabajadores paristas, denunci\u00f3 que Astudillo Salas viola el contrato colectivo de trabajo del Sindicato de Trabajadores Acad\u00e9micos de la Universidad Aut\u00f3noma de Guerrero (STAUAG) por negarse al recibir incapacidades, adem\u00e1s de que desde su llegada, no ha presentado un plan de trabajo institucional, ni tampoco realiza reuniones de car\u00e1cter laboral, adem\u00e1s de que actualmente, en la cl\u00ednica no se cuenta con los insumos necesarios.<\/p>\n\n\n\n<p>Agreg\u00f3 que son 14 trabajadores de base, quienes han denunciado en reiteradas ocasiones los malos tratos de Krystal Astudillo, y que a pesar de que en repetidas ocasiones han denunciado esos hechos a la administraci\u00f3n de la Rector\u00eda de la Uagro, no les han hecho caso a su demanda, que consiste en la destituci\u00f3n de Kristal Astudillo.<\/p>\n\n\n\n<p>Asegur\u00f3 que esa movilizaci\u00f3n no tiene tintes pol\u00edticos, ni es por revanchismo o confrontaci\u00f3n, y que solamente piden un trato justo, asegur\u00f3 Trujillo Ram\u00edrez.<\/p>\n\n\n\n<p>El paro laboral de trabajadores de la cl\u00ednica de la Uagro inici\u00f3 el pasado 29 de abril, por lo que a ocho d\u00edas de iniciada esa movilizacion, los inconformes solicitaron la intervenci\u00f3n del rector de la UAGro, Javier Salda\u00f1a Almaz\u00e1n para atender la inconformidad de los trabajadores afectados.<\/p>\n","protected":false},"excerpt":{"rendered":"<p>&#8212; Exigen la destituci\u00f3n de la encargada de la Unidad, Krystal Astudillo Salas Rosario Garc\u00eda Orozco Trabajadores de la cl\u00ednica de la Universidad Aut\u00f3noma de Guerrero (UAGro) cumplieron ocho d\u00edas&hellip; <\/p>\n","protected":false},"author":14,"featured_media":77077,"comment_status":"open","ping_status":"open","sticky":false,"template":"","format":"standard","meta":{"fifu_image_url":"","fifu_image_alt":"","footnotes":""},"categories":[30],"tags":[],"class_list":["post-77076","post","type-post","status-publish","format-standard","has-post-thumbnail","hentry","category-universidad"],"_links":{"self":[{"href":"https:\/\/www.interaccionnoticias.com.mx\/index.php?rest_route=\/wp\/v2\/posts\/77076","targetHints":{"allow":["GET"]}}],"collection":[{"href":"https:\/\/www.interaccionnoticias.com.mx\/index.php?rest_route=\/wp\/v2\/posts"}],"about":[{"href":"https:\/\/www.interaccionnoticias.com.mx\/index.php?rest_route=\/wp\/v2\/types\/post"}],"author":[{"embeddable":true,"href":"https:\/\/www.interaccionnoticias.com.mx\/index.php?rest_route=\/wp\/v2\/users\/14"}],"replies":[{"embeddable":true,"href":"https:\/\/www.interaccionnoticias.com.mx\/index.php?rest_route=%2Fwp%2Fv2%2Fcomments&post=77076"}],"version-history":[{"count":1,"href":"https:\/\/www.interaccionnoticias.com.mx\/index.php?rest_route=\/wp\/v2\/posts\/77076\/revisions"}],"predecessor-version":[{"id":77078,"href":"https:\/\/www.interaccionnoticias.com.mx\/index.php?rest_route=\/wp\/v2\/posts\/77076\/revisions\/77078"}],"wp:featuredmedia":[{"embeddable":true,"href":"https:\/\/www.interaccionnoticias.com.mx\/index.php?rest_route=\/wp\/v2\/media\/77077"}],"wp:attachment":[{"href":"https:\/\/www.interaccionnoticias.com.mx\/index.php?rest_route=%2Fwp%2Fv2%2Fmedia&parent=77076"}],"wp:term":[{"taxonomy":"category","embeddable":true,"href":"https:\/\/www.interaccionnoticias.com.mx\/index.php?rest_route=%2Fwp%2Fv2%2Fcategories&post=77076"},{"taxonomy":"post_tag","embeddable":true,"href":"https:\/\/www.interaccionnoticias.com.mx\/index.php?rest_route=%2Fwp%2Fv2%2Ftags&post=77076"}],"curies":[{"name":"wp","href":"https:\/\/api.w.org\/{rel}","templated":true}]}}