{"id":7691,"date":"2017-09-03T19:51:55","date_gmt":"2017-09-04T00:51:55","guid":{"rendered":"http:\/\/www.inter-accion.com.mx\/?p=7691"},"modified":"2017-09-03T19:51:55","modified_gmt":"2017-09-04T00:51:55","slug":"aun-con-fad-apoyaran-a-lopez-obrador-ratifica-vocero-de-pro-amlo","status":"publish","type":"post","link":"https:\/\/www.interaccionnoticias.com.mx\/?p=7691","title":{"rendered":"A\u00fan con FAD, apoyar\u00e1n a L\u00f3pez Obrador, ratifica vocero de Pro-AMLO"},"content":{"rendered":"<p>El vocero del Comit\u00e9 Pro-Andr\u00e9s Manuel L\u00f3pez Obrador (AMLO), Misael Medrano Baza, confirm\u00f3 que el Partido de la Revoluci\u00f3n Democr\u00e1tica (PRD) dio entrada este domingo, a una alianza con el Partido Acci\u00f3n Nacional (PAN).<br \/>\nEste domingo, el Consejo Nacional del PRD, acord\u00f3 ir en alianzas en las elecciones del 2018.<br \/>\nAl concluir el evento, el consejero nacional se\u00f1al\u00f3 que el acuerdo, aunque no se especifica, plantea aliarse con el PAN.<br \/>\nDijo que ese decreto a las pol\u00edticas de alianza del partido, no evitar\u00e1 que el Comit\u00e9 Pro-AMLO renuncie a apoyar al l\u00edder del partido Movimiento Regeneraci\u00f3n Nacional.<br \/>\n\u00abMe parece que aunque el acuerdo est\u00e1 medio light, no evitar\u00e1 las cr\u00edticas, porque lo que se busca es una alianza con el PAN y con un candidato del PAN\u00bb, declar\u00f3.<br \/>\nDe manera anticipada, dijo que a ra\u00edz de ese acuerdo, aumentar\u00e1 en el estado el apoyo a L\u00f3pez Obrador.<br \/>\nEste Frente Amplio, marca un antes y despu\u00e9s del PRD, con esto se cierra una parte de su historia y lo convierte en un instrumento al servicio del r\u00e9gimen\u00bb, indic\u00f3.<br \/>\nMientras que el trabajo del Comit\u00e9 Pro-AMLO, ser\u00e1 de concretar candidaturas comunes entre el PRD y MORENA.<br \/>\nEn Guerrero, la dirigencia perredista, ha sostenido reuniones con el PAN, as\u00ed como con Movimiento Ciudadano (MC) y Partido del Trabajo (PT).<\/p>\n","protected":false},"excerpt":{"rendered":"<p>El vocero del Comit\u00e9 Pro-Andr\u00e9s Manuel L\u00f3pez Obrador (AMLO), Misael Medrano Baza, confirm\u00f3 que el Partido de la Revoluci\u00f3n Democr\u00e1tica (PRD) dio entrada este domingo, a una alianza con el&hellip; <\/p>\n","protected":false},"author":1,"featured_media":0,"comment_status":"closed","ping_status":"closed","sticky":false,"template":"","format":"standard","meta":{"fifu_image_url":"","fifu_image_alt":"","footnotes":""},"categories":[8,18],"tags":[],"class_list":["post-7691","post","type-post","status-publish","format-standard","hentry","category-featured","category-partidos-politicos"],"_links":{"self":[{"href":"https:\/\/www.interaccionnoticias.com.mx\/index.php?rest_route=\/wp\/v2\/posts\/7691","targetHints":{"allow":["GET"]}}],"collection":[{"href":"https:\/\/www.interaccionnoticias.com.mx\/index.php?rest_route=\/wp\/v2\/posts"}],"about":[{"href":"https:\/\/www.interaccionnoticias.com.mx\/index.php?rest_route=\/wp\/v2\/types\/post"}],"author":[{"embeddable":true,"href":"https:\/\/www.interaccionnoticias.com.mx\/index.php?rest_route=\/wp\/v2\/users\/1"}],"replies":[{"embeddable":true,"href":"https:\/\/www.interaccionnoticias.com.mx\/index.php?rest_route=%2Fwp%2Fv2%2Fcomments&post=7691"}],"version-history":[{"count":0,"href":"https:\/\/www.interaccionnoticias.com.mx\/index.php?rest_route=\/wp\/v2\/posts\/7691\/revisions"}],"wp:attachment":[{"href":"https:\/\/www.interaccionnoticias.com.mx\/index.php?rest_route=%2Fwp%2Fv2%2Fmedia&parent=7691"}],"wp:term":[{"taxonomy":"category","embeddable":true,"href":"https:\/\/www.interaccionnoticias.com.mx\/index.php?rest_route=%2Fwp%2Fv2%2Fcategories&post=7691"},{"taxonomy":"post_tag","embeddable":true,"href":"https:\/\/www.interaccionnoticias.com.mx\/index.php?rest_route=%2Fwp%2Fv2%2Ftags&post=7691"}],"curies":[{"name":"wp","href":"https:\/\/api.w.org\/{rel}","templated":true}]}}