{"id":7688,"date":"2017-09-03T19:16:22","date_gmt":"2017-09-04T00:16:22","guid":{"rendered":"http:\/\/www.inter-accion.com.mx\/?p=7688"},"modified":"2017-09-03T19:16:22","modified_gmt":"2017-09-04T00:16:22","slug":"organizaciones-solicitaran-que-chilapa-sea-declarada-zona-de-desastre-humanitario","status":"publish","type":"post","link":"https:\/\/www.interaccionnoticias.com.mx\/?p=7688","title":{"rendered":"Organizaciones solicitar\u00e1n que Chilapa sea declarada zona de desastre humanitario"},"content":{"rendered":"<p><strong>Van 170 asesinatos en ocho meses&nbsp;<\/strong><\/p>\n<p class=\"m_7135056564205216750xmsonormal\">Con el argumento de que a la fecha van m\u00e1s de 170 personas asesinadas en Chilapa, colectivos de familiares que incorporan a familias agraviadas por la inseguridad, solicitar\u00e1n que se declare a dicho municipio zona de desastre humanitario.<\/p>\n<p class=\"m_7135056564205216750xmsonormal\">Jos\u00e9 D\u00edaz Navarro, vocero del colectivo Siempre Vivos inform\u00f3 que este lunes 5 de septiembre estar\u00e1n en Chilpancingo para plantear una demanda que hasta el momento no ha sido atendida de manera correcta.<\/p>\n<p class=\"m_7135056564205216750xmsonormal\">De entrada, dijo que se dar\u00e1 constancia de que en solo ocho meses, en Chilapa de Alvarez se han registrado por&nbsp;&nbsp;lo menos 170 asesinatos, derivados la mayor\u00eda de la pugna que mantienen dos grupos del crimen organizado; Rojos y Ardillos.<\/p>\n<p class=\"m_7135056564205216750xmsonormal\">A la par de los asesinatos y desapariciones que se han cometido en la lucha por el control del corredor que va hacia Tixtla y Chilpancingo, dijo que hay ya miles de personas desplazadas.<\/p>\n<p class=\"m_7135056564205216750xmsonormal\">Lo anterior, indic\u00f3 que forma parte de la aplicaci\u00f3n de una pol\u00edtica fallida en materia de seguridad p\u00fablica.<\/p>\n<p class=\"m_7135056564205216750xmsonormal\">Tambi\u00e9n dijo que se insistir\u00e1 en el desarme del grupo denominado \u201cComunitarios por la Paz y la Justicia\u201d, ya que no se ajusta a los t\u00e9rminos de la Ley 701, por lo que se les debe desmantelar.<\/p>\n<p class=\"m_7135056564205216750xmsonormal\">Entre otras cosas, refiri\u00f3 que se har\u00e1 hincapi\u00e9 en el hecho de que la&nbsp;Ley 450, que da vida a la Comisi\u00f3n Estatal de Atenci\u00f3n a V\u00edctimas no tiene presupuesto asignado&nbsp;&nbsp;para atender a las v\u00edctimas de la violencia.<\/p>\n","protected":false},"excerpt":{"rendered":"<p>Van 170 asesinatos en ocho meses&nbsp; Con el argumento de que a la fecha van m\u00e1s de 170 personas asesinadas en Chilapa, colectivos de familiares que incorporan a familias agraviadas&hellip; <\/p>\n","protected":false},"author":1,"featured_media":0,"comment_status":"closed","ping_status":"closed","sticky":false,"template":"","format":"standard","meta":{"fifu_image_url":"","fifu_image_alt":"","footnotes":""},"categories":[8,15],"tags":[],"class_list":["post-7688","post","type-post","status-publish","format-standard","hentry","category-featured","category-movimientos-sociales"],"_links":{"self":[{"href":"https:\/\/www.interaccionnoticias.com.mx\/index.php?rest_route=\/wp\/v2\/posts\/7688","targetHints":{"allow":["GET"]}}],"collection":[{"href":"https:\/\/www.interaccionnoticias.com.mx\/index.php?rest_route=\/wp\/v2\/posts"}],"about":[{"href":"https:\/\/www.interaccionnoticias.com.mx\/index.php?rest_route=\/wp\/v2\/types\/post"}],"author":[{"embeddable":true,"href":"https:\/\/www.interaccionnoticias.com.mx\/index.php?rest_route=\/wp\/v2\/users\/1"}],"replies":[{"embeddable":true,"href":"https:\/\/www.interaccionnoticias.com.mx\/index.php?rest_route=%2Fwp%2Fv2%2Fcomments&post=7688"}],"version-history":[{"count":0,"href":"https:\/\/www.interaccionnoticias.com.mx\/index.php?rest_route=\/wp\/v2\/posts\/7688\/revisions"}],"wp:attachment":[{"href":"https:\/\/www.interaccionnoticias.com.mx\/index.php?rest_route=%2Fwp%2Fv2%2Fmedia&parent=7688"}],"wp:term":[{"taxonomy":"category","embeddable":true,"href":"https:\/\/www.interaccionnoticias.com.mx\/index.php?rest_route=%2Fwp%2Fv2%2Fcategories&post=7688"},{"taxonomy":"post_tag","embeddable":true,"href":"https:\/\/www.interaccionnoticias.com.mx\/index.php?rest_route=%2Fwp%2Fv2%2Ftags&post=7688"}],"curies":[{"name":"wp","href":"https:\/\/api.w.org\/{rel}","templated":true}]}}