{"id":7685,"date":"2017-09-03T18:38:03","date_gmt":"2017-09-03T23:38:03","guid":{"rendered":"http:\/\/www.inter-accion.com.mx\/?p=7685"},"modified":"2017-09-03T18:38:03","modified_gmt":"2017-09-03T23:38:03","slug":"encuentran-dos-cabezas-humanas-en-chilpancingo","status":"publish","type":"post","link":"https:\/\/www.interaccionnoticias.com.mx\/?p=7685","title":{"rendered":"Encuentran dos cabezas humanas en Chilpancingo"},"content":{"rendered":"<p class=\"m_7120769865071548686xmsonormal\">La polic\u00eda encontr\u00f3 dos cabezas humanas en las inmediaciones del mercado central de Chilpancingo, durante las primeras horas del domingo.<\/p>\n<p class=\"m_7120769865071548686xmsonormal\">De acuerdo con la Secretar\u00eda de Seguridad P\u00fablica Municipal, la ma\u00f1ana del domingo 4 de septiembre se report\u00f3 el hallazgo de dos bolsas negras dentro de una caja de madero, en las que al parecer estaban contenidas dos cabezas humanas.<\/p>\n<p class=\"m_7120769865071548686xmsonormal\">La caja fue reportada sobre la banqueta, frente a la puerta principal de una fruter\u00eda que se ubica en el tianguis del mercado Baltasar R. Leyva Mancilla, en la parte norte de la ciudad.<\/p>\n<p class=\"m_7120769865071548686xmsonormal\">La polic\u00eda se present\u00f3 en la colonia Caminos, cerca de la primaria Jos\u00e9 Mart\u00ed, las extremidades cef\u00e1licas ten\u00edan la parte de la cara cubierta con cinta canela.<\/p>\n<p class=\"m_7120769865071548686xmsonormal\">Las dos piezas fueron trasladadas a las instalaciones del Servicio M\u00e9dico Forense (Semefo) en calidad de desconocidas.<\/p>\n","protected":false},"excerpt":{"rendered":"<p>La polic\u00eda encontr\u00f3 dos cabezas humanas en las inmediaciones del mercado central de Chilpancingo, durante las primeras horas del domingo. De acuerdo con la Secretar\u00eda de Seguridad P\u00fablica Municipal, la&hellip; <\/p>\n","protected":false},"author":1,"featured_media":0,"comment_status":"closed","ping_status":"closed","sticky":false,"template":"","format":"standard","meta":{"fifu_image_url":"","fifu_image_alt":"","footnotes":""},"categories":[8,27],"tags":[],"class_list":["post-7685","post","type-post","status-publish","format-standard","hentry","category-featured","category-seguridad-publica"],"_links":{"self":[{"href":"https:\/\/www.interaccionnoticias.com.mx\/index.php?rest_route=\/wp\/v2\/posts\/7685","targetHints":{"allow":["GET"]}}],"collection":[{"href":"https:\/\/www.interaccionnoticias.com.mx\/index.php?rest_route=\/wp\/v2\/posts"}],"about":[{"href":"https:\/\/www.interaccionnoticias.com.mx\/index.php?rest_route=\/wp\/v2\/types\/post"}],"author":[{"embeddable":true,"href":"https:\/\/www.interaccionnoticias.com.mx\/index.php?rest_route=\/wp\/v2\/users\/1"}],"replies":[{"embeddable":true,"href":"https:\/\/www.interaccionnoticias.com.mx\/index.php?rest_route=%2Fwp%2Fv2%2Fcomments&post=7685"}],"version-history":[{"count":0,"href":"https:\/\/www.interaccionnoticias.com.mx\/index.php?rest_route=\/wp\/v2\/posts\/7685\/revisions"}],"wp:attachment":[{"href":"https:\/\/www.interaccionnoticias.com.mx\/index.php?rest_route=%2Fwp%2Fv2%2Fmedia&parent=7685"}],"wp:term":[{"taxonomy":"category","embeddable":true,"href":"https:\/\/www.interaccionnoticias.com.mx\/index.php?rest_route=%2Fwp%2Fv2%2Fcategories&post=7685"},{"taxonomy":"post_tag","embeddable":true,"href":"https:\/\/www.interaccionnoticias.com.mx\/index.php?rest_route=%2Fwp%2Fv2%2Ftags&post=7685"}],"curies":[{"name":"wp","href":"https:\/\/api.w.org\/{rel}","templated":true}]}}